{"id":75,"date":"2014-07-02T13:00:34","date_gmt":"2014-07-02T12:00:34","guid":{"rendered":"http:\/\/blogs.eldiariomontanes.es\/polvo-callejero\/?p=75"},"modified":"2017-04-25T11:03:18","modified_gmt":"2017-04-25T10:03:18","slug":"letizia-reina","status":"publish","type":"post","link":"https:\/\/blogs.eldiariomontanes.es\/polvo-callejero\/2014\/07\/02\/letizia-reina\/","title":{"rendered":"Letizia Reina"},"content":{"rendered":"<p>Cantabria espera la llegada del calor veraniego, la Semana Grande de Santander y que los reyes Felipe y Letizia se decidan a venir a visitarnos. En Espa\u00f1a ahora hay dos Reyes, dos Reinas, una Princesa, cinco Infantas y un Infante.\u00a0 La infantas son de tres generaciones. En otra \u00e9poca, se fotografiar\u00edan todos juntos para la historia: don Juan Carlos y do\u00f1a Sof\u00eda;\u00a0 don Felipe y do\u00f1a Letizia, la Princesa de Asturias, Leonor y las Infantas Pilar, Margarita, Elena, Cristina y Sof\u00eda. Y el infante don Carlos, primo de don Juan Carlos. Pero los tiempos cambian y hoy esas fotos est\u00e1n desaconsejadas por los hechos. En B\u00e9lgica tienen tres Reinas y dos Reyes. La espa\u00f1ola Fabiola de Mora y Arag\u00f3n, viuda del Rey Balduino. Los reyes Alberto y Paola y los reyes reinantes Felipe y Matilde. Por cierto Alberto y Paola est\u00e1n que trinan. S\u00f3lo les ha quedado 700.000 euros al a\u00f1o de pensi\u00f3n y no les llega para sus gastos.<br \/>\nDe la Reina anciana Fabiola recuerdo cuando en una aparici\u00f3n p\u00fablica sac\u00f3 del bolso una manzana la puso en la palma de su mano y se la ense\u00f1\u00f3 al pueblo y los fot\u00f3grafos. Desafi\u00f3 as\u00ed a uno que lanzaba desde hace tiempo amenazas de ensartarla con una flecha. Quien dijo miedo, nos ense\u00f1\u00f3 la veterana espa\u00f1ola. Recuerdo al hermano de Fabiola, Jaime de Mora y Arag\u00f3n. Su hermana Reina le sac\u00f3 de muchos apuros econ\u00f3micos.\u00a0 Una de sus frases la he hecho m\u00eda. Un caballero siempre tiene que ir con americana. Es elegante y sirve para tapar el trasero. Que raz\u00f3n.<br \/>\nCuando do\u00f1a Letizia venga por quinta vez a Cantabria desde que es persona Real (San Vicente de la Barquera, 2004; Comillas y El Soplao, 2009; Centro de Acogida de Santander, 2010; Palacio de la\u00a0 Magdalena, 2011 e Instituto de Pe\u00f1acastillo, 2013) ser\u00e1 analizada desde los zapatos a los pendientes. Los m\u00e1s cotillas de las revistas se fijan especialmente en sus zapatos. No me extra\u00f1a porque, como dec\u00eda el director de cine\u00a0 Luis Garc\u00eda Berlanga, no hay nada mas er\u00f3tico que unos zapatos de tac\u00f3n de mujer. Por cierto, el Congreso de los Diputados ha desaconsejado que al le\u00f3n \u2018Dao\u00edz\u2019, de la puerta del edificio de la carrera de San Jer\u00f3nimo se le a\u00f1adan los test\u00edculos. Por algo relacionado con\u00a0 razones hist\u00f3ricas y art\u00edsticas. Menos mal que el otro le\u00f3n, \u2018Velarde\u2019, los tiene bien puestos. Velarde, el h\u00e9roe c\u00e1ntabro de Muriedas, que luch\u00f3 contra los franceses y muri\u00f3 el 2 de mayo de 1808, durante la defensa del Parque de Artiller\u00eda de Montele\u00f3n, hecho reflejado en una excelente pintura de Joaqu\u00edn Sorolla. Santander le erigi\u00f3 un monumento en 1880. Y una plaza, popularmente conocida como Porticada<\/p>\n<!-- AddThis Advanced Settings generic via filter on the_content --><!-- AddThis Share Buttons generic via filter on the_content -->","protected":false},"excerpt":{"rendered":"<p>Cantabria espera la llegada del calor veraniego, la Semana Grande de Santander y que los reyes Felipe y Letizia se decidan a venir a visitarnos. En Espa\u00f1a ahora hay dos Reyes, dos Reinas, una Princesa, cinco Infantas y un Infante.\u00a0 La infantas son de tres generaciones. En otra \u00e9poca, se fotografiar\u00edan todos juntos para la [&hellip;]<!-- AddThis Advanced Settings generic via filter on get_the_excerpt --><!-- AddThis Share Buttons generic via filter on get_the_excerpt --><\/p>\n","protected":false},"author":4,"featured_media":0,"comment_status":"open","ping_status":"open","sticky":false,"template":"","format":"standard","meta":[],"categories":[2],"tags":[],"_links":{"self":[{"href":"https:\/\/blogs.eldiariomontanes.es\/polvo-callejero\/wp-json\/wp\/v2\/posts\/75"}],"collection":[{"href":"https:\/\/blogs.eldiariomontanes.es\/polvo-callejero\/wp-json\/wp\/v2\/posts"}],"about":[{"href":"https:\/\/blogs.eldiariomontanes.es\/polvo-callejero\/wp-json\/wp\/v2\/types\/post"}],"author":[{"embeddable":true,"href":"https:\/\/blogs.eldiariomontanes.es\/polvo-callejero\/wp-json\/wp\/v2\/users\/4"}],"replies":[{"embeddable":true,"href":"https:\/\/blogs.eldiariomontanes.es\/polvo-callejero\/wp-json\/wp\/v2\/comments?post=75"}],"version-history":[{"count":1,"href":"https:\/\/blogs.eldiariomontanes.es\/polvo-callejero\/wp-json\/wp\/v2\/posts\/75\/revisions"}],"predecessor-version":[{"id":124,"href":"https:\/\/blogs.eldiariomontanes.es\/polvo-callejero\/wp-json\/wp\/v2\/posts\/75\/revisions\/124"}],"wp:attachment":[{"href":"https:\/\/blogs.eldiariomontanes.es\/polvo-callejero\/wp-json\/wp\/v2\/media?parent=75"}],"wp:term":[{"taxonomy":"category","embeddable":true,"href":"https:\/\/blogs.eldiariomontanes.es\/polvo-callejero\/wp-json\/wp\/v2\/categories?post=75"},{"taxonomy":"post_tag","embeddable":true,"href":"https:\/\/blogs.eldiariomontanes.es\/polvo-callejero\/wp-json\/wp\/v2\/tags?post=75"}],"curies":[{"name":"wp","href":"https:\/\/api.w.org\/{rel}","templated":true}]}}