{"id":60,"date":"2013-02-26T12:54:12","date_gmt":"2013-02-26T11:54:12","guid":{"rendered":"http:\/\/blogs.eldiariomontanes.es\/polvo-callejero\/?p=60"},"modified":"2013-02-26T12:54:12","modified_gmt":"2013-02-26T11:54:12","slug":"teatro-mucho-teatro","status":"publish","type":"post","link":"https:\/\/blogs.eldiariomontanes.es\/polvo-callejero\/2013\/02\/26\/teatro-mucho-teatro\/","title":{"rendered":"Teatro, mucho teatro"},"content":{"rendered":"<p>Tomando un caf\u00e9 en la terraza del caf\u00e9 Remigio, en La Albericia, repaso lo \u00faltimo de la vida monta\u00f1esa en Madrid. El productor santanderino Juanjo Seoane tiene en el teatro Fern\u00e1n G\u00f3mez \u2018Los habitantes de la casa deshabitada\u2019, con el actor Pepe Viyuela a la cabeza. En uno de los dos teatros que se han creado en el antiguo matadero madrile\u00f1o, se representan \u2018La amante inglesa\u2019, basada en un texto de Marguerite Duras y protagonizada por Jos\u00e9 Pedro Carri\u00f3n, cuya madre era de Guarnizo. Es un visitante habitual de Cantabria y, en especial, de Li\u00e9bana. \u00abLa tierra de mi madre me apasiona\u00bb, me cuenta con su voz profunda y modulada. Hace hace dos a\u00f1os que Roberto Lia\u00f1o (que fue m\u00edster Cantabria) se cas\u00f3 con la cantante To\u00f1i Salazar. \u00abLa mujer de mi vida. Que d\u00eda tan maravilloso pasamos junto a los nuestros celebrando nuestro amor\u00bb, recuerda. Jos\u00e9 Campos, lo est\u00e1 pasando mal. Anuncia que se va a vivir a Madrid. Su mujer, Carmen Mart\u00ednez Bordi\u00fa le ha echado de la casa (de ella) que compart\u00edan en El Sardinero, junto al Hotel Chiqui. Est\u00e1n en tr\u00e1mite de divorcio. Seg\u00fan ha contado \u00e9l en las revistas, ella le ha dejado desplumado, todo se lo gast\u00f3 en hacerla feliz. \u00abEs una se\u00f1ora acostumbrada a vivir a lo grande desde ni\u00f1a\u00bb, sentencia mi asistenta cubana Daisy. Ya no volvemos a ver jugar al mus a Carmencita en el bar del Complejo Deportivo de La Albericia con Teo, que durante 37 a\u00f1os ha regentado el bar y cafeter\u00eda. Compartieron horas y horas. Ella se va porque se le acab\u00f3 el amor. A \u00e9l, la concesi\u00f3n. Mariano N\u00fa\u00f1ez, del selfservice Iberia Express de Santander, me cuenta que toda la madera del comedor es de las vigas de pinotea del derribado Teatro Pereda. \u00abUn carpintero las compr\u00f3 y\u00a0 us\u00f3 a lo largo de los a\u00f1os. As\u00ed que aqu\u00ed tengo ese recuerdo de aquel espectacular edificio\u00bb, dice. Acabo, el concejal Luis Morante, que fue jugador de balonmano, cumple 60 a\u00f1os. Mi mulata Daisy est\u00e1 segura de que se pone a\u00f1os.<\/p>\n<!-- AddThis Advanced Settings generic via filter on the_content --><!-- AddThis Share Buttons generic via filter on the_content -->","protected":false},"excerpt":{"rendered":"<p>Tomando un caf\u00e9 en la terraza del caf\u00e9 Remigio, en La Albericia, repaso lo \u00faltimo de la vida monta\u00f1esa en Madrid. El productor santanderino Juanjo Seoane tiene en el teatro Fern\u00e1n G\u00f3mez \u2018Los habitantes de la casa deshabitada\u2019, con el actor Pepe Viyuela a la cabeza. En uno de los dos teatros que se han [&hellip;]<!-- AddThis Advanced Settings generic via filter on get_the_excerpt --><!-- AddThis Share Buttons generic via filter on get_the_excerpt --><\/p>\n","protected":false},"author":2,"featured_media":0,"comment_status":"open","ping_status":"closed","sticky":false,"template":"","format":"standard","meta":[],"categories":[2],"tags":[],"_links":{"self":[{"href":"https:\/\/blogs.eldiariomontanes.es\/polvo-callejero\/wp-json\/wp\/v2\/posts\/60"}],"collection":[{"href":"https:\/\/blogs.eldiariomontanes.es\/polvo-callejero\/wp-json\/wp\/v2\/posts"}],"about":[{"href":"https:\/\/blogs.eldiariomontanes.es\/polvo-callejero\/wp-json\/wp\/v2\/types\/post"}],"author":[{"embeddable":true,"href":"https:\/\/blogs.eldiariomontanes.es\/polvo-callejero\/wp-json\/wp\/v2\/users\/2"}],"replies":[{"embeddable":true,"href":"https:\/\/blogs.eldiariomontanes.es\/polvo-callejero\/wp-json\/wp\/v2\/comments?post=60"}],"version-history":[{"count":0,"href":"https:\/\/blogs.eldiariomontanes.es\/polvo-callejero\/wp-json\/wp\/v2\/posts\/60\/revisions"}],"wp:attachment":[{"href":"https:\/\/blogs.eldiariomontanes.es\/polvo-callejero\/wp-json\/wp\/v2\/media?parent=60"}],"wp:term":[{"taxonomy":"category","embeddable":true,"href":"https:\/\/blogs.eldiariomontanes.es\/polvo-callejero\/wp-json\/wp\/v2\/categories?post=60"},{"taxonomy":"post_tag","embeddable":true,"href":"https:\/\/blogs.eldiariomontanes.es\/polvo-callejero\/wp-json\/wp\/v2\/tags?post=60"}],"curies":[{"name":"wp","href":"https:\/\/api.w.org\/{rel}","templated":true}]}}