{"id":52,"date":"2011-07-26T10:11:00","date_gmt":"2011-07-26T10:11:00","guid":{"rendered":"http:\/\/blogs.eldiariomontanes.es\/polvo-callejero\/?p=52"},"modified":"2011-07-26T10:11:00","modified_gmt":"2011-07-26T10:11:00","slug":"adios-al-verano","status":"publish","type":"post","link":"https:\/\/blogs.eldiariomontanes.es\/polvo-callejero\/2011\/07\/26\/adios-al-verano\/","title":{"rendered":"Adi\u00f3s al verano"},"content":{"rendered":"<p> No se habla de otra cosa en Santander. Se nos ha ido (casi) el mes de julio envuelto en brumas y lluvias y no hemos olido la playa. Este a\u00f1o no nos ponemos los linos. Lo comentan las dependientas y los conductores del autob\u00fas: \u00abEn agosto los d\u00edas ya son m\u00e1s cortos y, a las cinco de la tarde, ya no apetece estar en la playa\u00bb. Como no hace para ba\u00f1arse la gente le da a la vida nocturna y diurna y quedamos con amigos. A desayunar con el periodista Federico Lucendo Pombo, en el Muelle, c\u00f3mo no. (Para los que no son de la zona habl\u00f3 del Paseo de Pereda). Me relata que en Laredo, Reinosa y Camargo han prohibido las casetas de los bares en las calles porque la gente &#8216;toma&#8217; m\u00e1s de la cuenta y se l\u00eda a balazos. Y hay muertos. Se refiere a estas tres ciudades del Estado de Nuevo Santander, en el norte de M\u00e9xico. Se lo ha contado el periodista mexicano Miguel Fern\u00e1ndez Heredia, que tiene all\u00e1 un exitoso programa de radio denominado &#8216;La aldea&#8217;. Resulta que es nieto de Miguel Fern\u00e1ndez Ortiz, que fue alcalde de Ampuero (Cantabria, Espa\u00f1a) en los a\u00f1os cuarenta del siglo pasado. El nombre de Nuevo Santander se debe a que el fundador y gobernador, don Jos\u00e9 de Escand\u00f3n, era originario de Santander, Cantabria. La colonizaci\u00f3n de esta zona mexicana comenz\u00f3 en 1748. Le cuento todo esto a mi asistenta Daisy como para disuadirla del empe\u00f1o que tiene de ir a los toros a Cuatro Caminos. Pero no hay quien pueda con ella. All\u00ed nos plantamos. Su trasero no cabe en los bancos. La mitad del culo le cuelga por atr\u00e1s; el mayor espect\u00e1culo del universo. Y all\u00ed est\u00e1n el naviero Vicente Boluda y su esposa Ver\u00f3nica Ceballos, el alcalde de Torrelavega Ildefonso Calder\u00f3n, Pedro Trapote y su esposa Bego\u00f1a; el ginec\u00f3logo Tom\u00e1s G\u00f3mez; el alcalde de Valladolid, Javier Le\u00f3n de la Riva, Carmen Mart\u00ednez Bordi\u00fa y el due\u00f1o del bar y restaurante sevillano &#8216;La Flor de Toranzo&#8217;, Rogelio G\u00f3mez, entre otros. Por la noche, a las casetas. A reventar Santander, todo el mundo en la calle. En el bar Sol\u00f3rzano, que acaba de reabrir Carlos Crespo, nos atiende una jovencita italiana, de nombre Daniella; la m\u00e1xima expresi\u00f3n de la simpat\u00eda. El bar llleno, como todos estos d\u00edas. Y el botell\u00f3n a los ojos de los turistas, en los soportales de la iglesia de Santa Luc\u00eda. Y no son chavales de 18 o 20 a\u00f1os. Botellas de alcohol y de refrescos y bolsas con hielos para hacer el c\u00f3ctel en directo. El obispo Vicente Jim\u00e9nez debe estar que muerde (supongo), y el p\u00e1rroco, Jos\u00e9 Olano, brama. Eso seguro.<\/p>\n<p>Cantabria est\u00e1 llena de fiestas estos d\u00edas. Los turistas se van de excursi\u00f3n. Y yo con ellos. A pesar del mal tiempo se celebran actuaciones de los grupos musicales. En Hoznayo y Colindres ha actuado el grupo Muy Deficiente, que ha editado su primer disco, titulado &#8216;Cada d\u00eda&#8217;. Forman parte del grupo Iv\u00e1n Soler, \u00c1lvaro Echevarr\u00eda, Jos\u00e9 Ignacio Echevarr\u00eda, Javier P\u00e9rez y el cantante \u00c1lex Ruiz. Uno de sus temas es &#8216;La Fuente de Cacho&#8217; en versi\u00f3n pop-rock. Est\u00e1 bien ver a los j\u00f3venes que se abren camino. Y en la plaza del Ayuntamiento de Santander, donde confluyen todos los caminos, me encuentro con el poeta Regino Mateo, ambos contemplando la concentraci\u00f3n antitaurina. Hasta eso da color a la ciudad. En este caso el rojo de la sangre. <\/p>\n<p>Me encuentro en Puertochico con el modista santanderino \u00c1ngel Schlesser. Vuelve a la tierruca siempre que puede y en Semana Grande \u00abno pod\u00eda estar en otra parte que aqu\u00ed. Es cuando Santander est\u00e1 en su mejor momento\u00bb. Hoy llega Carlos Baute, espero que con su mujer, la rubia Astrid Klisans. S\u00f3lo falta Bel\u00e9n Esteban. <\/p>\n<!-- AddThis Advanced Settings generic via filter on the_content --><!-- AddThis Share Buttons generic via filter on the_content -->","protected":false},"excerpt":{"rendered":"<p>No se habla de otra cosa en Santander. Se nos ha ido (casi) el mes de julio envuelto en brumas y lluvias y no hemos olido la playa. Este a\u00f1o no nos ponemos los linos. Lo comentan las dependientas y los conductores del autob\u00fas: \u00abEn agosto los d\u00edas ya son m\u00e1s cortos y, a las [&hellip;]<!-- AddThis Advanced Settings generic via filter on get_the_excerpt --><!-- AddThis Share Buttons generic via filter on get_the_excerpt --><\/p>\n","protected":false},"author":2,"featured_media":0,"comment_status":"open","ping_status":"closed","sticky":false,"template":"","format":"standard","meta":[],"categories":[2],"tags":[],"_links":{"self":[{"href":"https:\/\/blogs.eldiariomontanes.es\/polvo-callejero\/wp-json\/wp\/v2\/posts\/52"}],"collection":[{"href":"https:\/\/blogs.eldiariomontanes.es\/polvo-callejero\/wp-json\/wp\/v2\/posts"}],"about":[{"href":"https:\/\/blogs.eldiariomontanes.es\/polvo-callejero\/wp-json\/wp\/v2\/types\/post"}],"author":[{"embeddable":true,"href":"https:\/\/blogs.eldiariomontanes.es\/polvo-callejero\/wp-json\/wp\/v2\/users\/2"}],"replies":[{"embeddable":true,"href":"https:\/\/blogs.eldiariomontanes.es\/polvo-callejero\/wp-json\/wp\/v2\/comments?post=52"}],"version-history":[{"count":0,"href":"https:\/\/blogs.eldiariomontanes.es\/polvo-callejero\/wp-json\/wp\/v2\/posts\/52\/revisions"}],"wp:attachment":[{"href":"https:\/\/blogs.eldiariomontanes.es\/polvo-callejero\/wp-json\/wp\/v2\/media?parent=52"}],"wp:term":[{"taxonomy":"category","embeddable":true,"href":"https:\/\/blogs.eldiariomontanes.es\/polvo-callejero\/wp-json\/wp\/v2\/categories?post=52"},{"taxonomy":"post_tag","embeddable":true,"href":"https:\/\/blogs.eldiariomontanes.es\/polvo-callejero\/wp-json\/wp\/v2\/tags?post=52"}],"curies":[{"name":"wp","href":"https:\/\/api.w.org\/{rel}","templated":true}]}}