{"id":51,"date":"2011-07-25T09:25:00","date_gmt":"2011-07-25T09:25:00","guid":{"rendered":"http:\/\/blogs.eldiariomontanes.es\/polvo-callejero\/?p=51"},"modified":"2011-07-25T09:25:00","modified_gmt":"2011-07-25T09:25:00","slug":"gentes-santander","status":"publish","type":"post","link":"https:\/\/blogs.eldiariomontanes.es\/polvo-callejero\/2011\/07\/25\/gentes-santander\/","title":{"rendered":"Gentes de Santander"},"content":{"rendered":"<p> Ya me lo estoy imaginando. La gran Concha Velasco bajando las escaleras de madera de casta\u00f1o con la flor de lys de los borbones del Palacio Real de la Magdalena. Y todo esto en televisi\u00f3n, en una serie que se espera rodar en el palacio santanderino, que se transformar\u00e1 en hotel y del que la actriz de Valladolid ser\u00e1 la gobernanta. Yo la veo majestuosa, poniendo cara de mal\u00edsima. Llamo a Juanjo Seoane, el productor de teatro para hablar del tema. \u00c9l tambi\u00e9n la ve muy bien en ese papel: \u00abYa hizo de mala mal\u00edsima en &#8216;Herederos&#8217; y  bord\u00f3 el papel de Carmen Orozco\u00bb. La concejala de Turismo de Santander, Gema Igual, est\u00e1 como unas casta\u00f1uelas: \u00abSi se hace la serie en Santander, la publicidad ser\u00e1 de primera\u00bb. Y gratis, a\u00f1ado yo. Concha nos dej\u00f3 frases para la historia en Herederos como \u00abya descansar\u00e9 cuando me muera\u00bb y \u00absin lujos s\u00f3lo se sobrevive\u00bb.<\/p>\n<p>El lujo es muy diverso. Un ejemplo, es un lujo la exposici\u00f3n que se va a montar en el Palacio de Festivales de Cantabria en conmemoraci\u00f3n del sesenta aniversario del Festival Internacional de Santander, que dirige Jos\u00e9 Luis Ocejo. Es una colecci\u00f3n de trajes de mujer realizados  por encargo de Santander Shopping, que preside M\u00f3nica Revestido. Los trajes, que ya vimos desfilando por la calle Burgos de la capital, son un homenaje a Cab\u00e1rceno, al Palacio de la Magdalena, al Casino de El Sardinero, al barrio pesquero, los Picos de Europa y las cuevas de Altamira. Ahora se realizar\u00e1 uno nuevo, que representar\u00e1 al Palacio de Festivales, que dirige Juan Calzada. Coordina la muestra Jos\u00e9 Luis Callejo. Hoy es lunes y fiesta, Santiago. Torean en Cuatro Caminos &#8216;El Juli&#8217;, Miguel \u00c1ngel Perera y Juan del \u00c1lamo, que toma la alternativa. Y Santander espera a las habituales caras conocidas, a los famosos que aparecen en las revistas. Y los que quedan por llegar. Esperamos al empresario Pedro Trapote y su esposa, Bego\u00f1a Garc\u00eda Vaquero. Trapote es famoso por la discoteca Joy Eslava, local ubicado en el teatro del mismo nombre de Madrid, que compr\u00f3 a Luis Escobar Kirkpatrick en 1979.  La discoteca se inaugur\u00f3 la noche del 24 de febrero de 1981, esto es, al d\u00eda siguiente del Golpe de Estado perpetrado en el Congreso de los Diputados. Bueno, que Trapote viene de vez en cuando a Santander. Y si viene \u00e9l y su esposa Bego\u00f1a, quiz\u00e1 venga la hermana de \u00e9sta, Mar, y su novio el expresidente de Espa\u00f1a Felipe Gonz\u00e1lez que, como todo el mundo sabe, tiene sus or\u00edgenes en Cantabria. Su padre Felipe Gonz\u00e1lez Helguera lleg\u00f3 a Sevilla por la Exposici\u00f3n Iberoamericana de 1929 y se qued\u00f3 en Andaluc\u00eda, regi\u00f3n de la que, seg\u00fan su hijo, se enamor\u00f3. Era natural de la localidad c\u00e1ntabra de Rasines. Felipe tiene familia en Cantabria y amigos, como la doctora Mar\u00eda \u00c1ngeles Ruiz-Tagle Morales, sevillana, con quien comparti\u00f3 militancia socialista juvenil. Bueno, que se l\u00eda la madeja, que es que esperamos a famosos. Como el empresario y naviero valenciano Vicente Boluda, expresidente del Real Madrid, casado con la c\u00e1ntabra Ver\u00f3nica Ceballos (de Torrelavega). Son habituales en la plaza de Cuatro Caminos. Que no se me olvide, desde Triana (Sevilla) han llegado a Santander para actuar en el Hotel Real a partir de las ocho y media de la tarde el tr\u00edo Damajuana. Sus integrantes Kike, Laure y Jos\u00e9 Miguel pertenecieron antes al Coro de la Hermandad del Roc\u00edo de Triana.<\/p>\n<p>Mi asistenta cubana, la mulata Daisy, me hace una pregunta y no tengo contestaci\u00f3n: \u00ab\u00bfPor qu\u00e9 en las casetas de las calles durante la Semana Grande de Santander ponen m\u00fasica de sevillanas?\u00bb. Ni idea. Pregunta que le paso al concejal del PRC Paco Sierra. <\/p>\n<!-- AddThis Advanced Settings generic via filter on the_content --><!-- AddThis Share Buttons generic via filter on the_content -->","protected":false},"excerpt":{"rendered":"<p>Ya me lo estoy imaginando. La gran Concha Velasco bajando las escaleras de madera de casta\u00f1o con la flor de lys de los borbones del Palacio Real de la Magdalena. Y todo esto en televisi\u00f3n, en una serie que se espera rodar en el palacio santanderino, que se transformar\u00e1 en hotel y del que la [&hellip;]<!-- AddThis Advanced Settings generic via filter on get_the_excerpt --><!-- AddThis Share Buttons generic via filter on get_the_excerpt --><\/p>\n","protected":false},"author":2,"featured_media":0,"comment_status":"open","ping_status":"closed","sticky":false,"template":"","format":"standard","meta":[],"categories":[2],"tags":[],"_links":{"self":[{"href":"https:\/\/blogs.eldiariomontanes.es\/polvo-callejero\/wp-json\/wp\/v2\/posts\/51"}],"collection":[{"href":"https:\/\/blogs.eldiariomontanes.es\/polvo-callejero\/wp-json\/wp\/v2\/posts"}],"about":[{"href":"https:\/\/blogs.eldiariomontanes.es\/polvo-callejero\/wp-json\/wp\/v2\/types\/post"}],"author":[{"embeddable":true,"href":"https:\/\/blogs.eldiariomontanes.es\/polvo-callejero\/wp-json\/wp\/v2\/users\/2"}],"replies":[{"embeddable":true,"href":"https:\/\/blogs.eldiariomontanes.es\/polvo-callejero\/wp-json\/wp\/v2\/comments?post=51"}],"version-history":[{"count":0,"href":"https:\/\/blogs.eldiariomontanes.es\/polvo-callejero\/wp-json\/wp\/v2\/posts\/51\/revisions"}],"wp:attachment":[{"href":"https:\/\/blogs.eldiariomontanes.es\/polvo-callejero\/wp-json\/wp\/v2\/media?parent=51"}],"wp:term":[{"taxonomy":"category","embeddable":true,"href":"https:\/\/blogs.eldiariomontanes.es\/polvo-callejero\/wp-json\/wp\/v2\/categories?post=51"},{"taxonomy":"post_tag","embeddable":true,"href":"https:\/\/blogs.eldiariomontanes.es\/polvo-callejero\/wp-json\/wp\/v2\/tags?post=51"}],"curies":[{"name":"wp","href":"https:\/\/api.w.org\/{rel}","templated":true}]}}