{"id":50,"date":"2011-07-24T10:09:00","date_gmt":"2011-07-24T10:09:00","guid":{"rendered":"http:\/\/blogs.eldiariomontanes.es\/polvo-callejero\/?p=50"},"modified":"2011-07-24T10:09:00","modified_gmt":"2011-07-24T10:09:00","slug":"el-teatro-del-verano","status":"publish","type":"post","link":"https:\/\/blogs.eldiariomontanes.es\/polvo-callejero\/2011\/07\/24\/el-teatro-del-verano\/","title":{"rendered":"El teatro del verano"},"content":{"rendered":"<p> La Semana Grande santanderina ocupa todo el tiempo y las fuerzas, pero hay quien sigue en el trabajo, como la presidenta de Nuevo Futuro en Cantabria, Marta Gonz\u00e1lez-Est\u00e9fani. Esta organizaci\u00f3n cumple 18 a\u00f1os y para la mayor\u00eda de edad est\u00e1 montando una cena-fiesta ben\u00e9fica en la que podr\u00e1n estar 500 personas sentadas. Ser\u00e1 en el Hotel Bah\u00eda, el pr\u00f3ximo 5 de agosto. Nuevo Futuro ha tenido en estos a\u00f1os tres presidentas: Maricar Alvear, Pifa Gal\u00e1n y Marta, esposa de Pedro Nalda, nuevo jefe de Gabinete del consejero de Medio Ambiente, Javier Fern\u00e1ndez. Para celebrar el evento de cumplea\u00f1os Nuevo Futuro  ha nombrado dos padrinos: Paloma O\u00b4Shea, presidenta de la Fundaci\u00f3n Alb\u00e9niz, y Mariano Linares, presidente de EL DIARIO MONTA\u00d1\u00c9S. Se les agradece su apoyo y respaldo durante todos estos a\u00f1os.<\/p>\n<p>Marina Danko era delgad\u00edsima y espectacular, pero los cuerpos cambian. Como cambi\u00f3 el de la princesa de Luxemburgo, Mar\u00eda Teresa Mestre Falla que, como sus apellidos indican claramente, es de origen c\u00e1ntabro. En las casetas de La Alameda me encuentro con la presidenta de la asociaci\u00f3n de vecinos de la zona, Mari\u00e1n Gonz\u00e1lez que (con todo cari\u00f1o) me dice \u00abhas ensanchado\u00bb. As\u00ed que decido darme al &#8216;pincho de aire&#8217;, porque lo \u00fanico que no engorda es lo que no entra por la boca. Mi asistenta Daisy se acoda en la barra para charlar un rato con el editor Jos\u00e9 Luis Fern\u00e1ndez G\u00e1ndara que en las recientes fiestas de Ba\u00f1os de Ola ha mostrado un centenar de libros sobre Cantabria que se ha encargado de publicar. Su especialidad es &#8216;lo nuestro&#8217;, como gusta decir David Bustamante, el cantante de San Vicente de la Barquera que en agosto inicia nueva gira por Espa\u00f1a.<\/p>\n<p>Me gustan los artistas que, como repet\u00eda el gran Juan Antonio Sandoval, maestro de periodistas de espect\u00e1culos, son los que m\u00e1s merecen la pena. Se llena Cantabria de caras conocidas esta temporada.  Ya est\u00e1n aqu\u00ed Francisco Vidal, Mar\u00eda Osuna, Mar\u00eda Luisa San Jos\u00e9 y Jorge Mu\u00f1oz. Dice la veterana San Jos\u00e9 que \u00abla gente busca refugio en el teatro, porque es el alma del espect\u00e1culo\u00bb. La madrile\u00f1a est\u00e1 tan simp\u00e1tica como siempre y, a sus 65 a\u00f1os dice que no piensa en retirarse, porque el teatro le da vida.<\/p>\n<p>Las calles de Santander est\u00e1n &#8216;petadas&#8217;. En la puerta del Ayuntamiento me topo con Berta Betanzos y Tara Pacheco, recientes campeonas de Europa de vela. Est\u00e1n con el concejal de Deportes, Luis Morante. Dicen que la vela es un deporte elitista, pero las dos campeonas nos cuentan que desde Helsinki (Finlandia), donde ganaron el campeonato de clase 470, se vinieron para Santander. Primero 28 horas en ferry y, despu\u00e9s, 2.000 kil\u00f3metros por carretera tirando del barco. Llegaron para pasar aqu\u00ed las fiestas de Santander y disfrutar del surfeo en El Sardinero.<\/p>\n<p>En Santander ha estado hasta el embajador de Kenia en Espa\u00f1a, Bramwel Kisuya, que mantiene  contacto directo con la ciudad a trav\u00e9s de Daniel Casanova, cirujano de Valdecilla, que junto a otros m\u00e9dicos espa\u00f1oles forman un grupo de trabajo voluntario que acude cada verano al pa\u00eds africano.<\/p>\n<p>Y en la puerta del Mercado de  la Esperanza est\u00e1 el concejal de Comercio, Ram\u00f3n S\u00e1iz Bustillo, con un grupo de pescadoras, todos con el pa\u00f1uelico azul. \u00abCon ellas, tan simp\u00e1ticas, me guapeo\u00bb, dice. Hasta las dependientas de la Panader\u00eda Torre, de la calle Santa Luc\u00eda, despachan con pa\u00f1uelo azul y sombrero de fiestas. La alegr\u00eda se contagia. En la calle Medio, Nano Mons ha montado el escaparate de su comercio a base de motivos taurinos, con programas antiguos de las corridas en Santander que merecen la pena ser admirados. <\/p>\n<!-- AddThis Advanced Settings generic via filter on the_content --><!-- AddThis Share Buttons generic via filter on the_content -->","protected":false},"excerpt":{"rendered":"<p>La Semana Grande santanderina ocupa todo el tiempo y las fuerzas, pero hay quien sigue en el trabajo, como la presidenta de Nuevo Futuro en Cantabria, Marta Gonz\u00e1lez-Est\u00e9fani. Esta organizaci\u00f3n cumple 18 a\u00f1os y para la mayor\u00eda de edad est\u00e1 montando una cena-fiesta ben\u00e9fica en la que podr\u00e1n estar 500 personas sentadas. Ser\u00e1 en el [&hellip;]<!-- AddThis Advanced Settings generic via filter on get_the_excerpt --><!-- AddThis Share Buttons generic via filter on get_the_excerpt --><\/p>\n","protected":false},"author":2,"featured_media":0,"comment_status":"open","ping_status":"closed","sticky":false,"template":"","format":"standard","meta":[],"categories":[2],"tags":[],"_links":{"self":[{"href":"https:\/\/blogs.eldiariomontanes.es\/polvo-callejero\/wp-json\/wp\/v2\/posts\/50"}],"collection":[{"href":"https:\/\/blogs.eldiariomontanes.es\/polvo-callejero\/wp-json\/wp\/v2\/posts"}],"about":[{"href":"https:\/\/blogs.eldiariomontanes.es\/polvo-callejero\/wp-json\/wp\/v2\/types\/post"}],"author":[{"embeddable":true,"href":"https:\/\/blogs.eldiariomontanes.es\/polvo-callejero\/wp-json\/wp\/v2\/users\/2"}],"replies":[{"embeddable":true,"href":"https:\/\/blogs.eldiariomontanes.es\/polvo-callejero\/wp-json\/wp\/v2\/comments?post=50"}],"version-history":[{"count":0,"href":"https:\/\/blogs.eldiariomontanes.es\/polvo-callejero\/wp-json\/wp\/v2\/posts\/50\/revisions"}],"wp:attachment":[{"href":"https:\/\/blogs.eldiariomontanes.es\/polvo-callejero\/wp-json\/wp\/v2\/media?parent=50"}],"wp:term":[{"taxonomy":"category","embeddable":true,"href":"https:\/\/blogs.eldiariomontanes.es\/polvo-callejero\/wp-json\/wp\/v2\/categories?post=50"},{"taxonomy":"post_tag","embeddable":true,"href":"https:\/\/blogs.eldiariomontanes.es\/polvo-callejero\/wp-json\/wp\/v2\/tags?post=50"}],"curies":[{"name":"wp","href":"https:\/\/api.w.org\/{rel}","templated":true}]}}