{"id":43,"date":"2011-03-04T12:59:00","date_gmt":"2011-03-04T12:59:00","guid":{"rendered":"http:\/\/blogs.eldiariomontanes.es\/polvo-callejero\/?p=43"},"modified":"2011-03-04T12:59:00","modified_gmt":"2011-03-04T12:59:00","slug":"marzo-florido-bienvenido","status":"publish","type":"post","link":"https:\/\/blogs.eldiariomontanes.es\/polvo-callejero\/2011\/03\/04\/marzo-florido-bienvenido\/","title":{"rendered":"Marzo florido, bienvenido"},"content":{"rendered":"<p> Por si no se hab\u00edan dado cuenta, ha llegado marzo. En esta \u00e9poca se cantan las marzas abriendo la puerta a la primavera. &#8216;Marzo florido sea bienvenido&#8217;, dice uno de esos cantos populares. En la plaza del Ayuntamiento de Santander tambi\u00e9n se entonaron las marzas, a cargo del Coro Ronda Altamira. Por parte del Consistorio atendieron a los marceros los concejales Santiago Recio, Gema Igual, C\u00e9sar Torrellas y Jos\u00e9 Mar\u00eda Fuentes-Pila Estrada. Se acercan elecciones, as\u00ed que algunos pol\u00edticos se apuntar\u00e1n incluso a la Lujuria. Este es el nombre de uno de los estandartes patrios del rock duro, que actuar\u00e1n ma\u00f1ana s\u00e1bado, 5 de marzo, en la sala Heaven, de Cacicedo de Camargo, como parte de su gira de su veinte aniversario. Los acompa\u00f1ar\u00e1 Brigantia, la joven promesa c\u00e1ntabra que est\u00e1 cosechando excelentes cr\u00edticas de su disco debut &#8216;Anima Vitae&#8217;. El concierto dar\u00e1 inicio a las 21.00 horas. Brigantia, por si no lo recuerdan, fue una joven c\u00e1ntabra a quien los romanos esclavizaron. <\/p>\n<p>A lo joven es a lo que hay que apuntarse. El modista Luis Alonso ha presentado su nueva colecci\u00f3n, m\u00e1s joven que las que ha creado en otras ocasiones. Un conjunto de prendas (vestidos, chaquetas, abrigos, cuerpos, faldas y pantalones), sobrias y sofisticadas, en colores blanco, negro (tono fetiche en este santanderino), coral, melocot\u00f3n y verde. Otro creador, de 28 a\u00f1os, Ovidiu Catalin, ha representado a Cantabria en la XXIII edici\u00f3n de los Premios Nacionales de Moda de J\u00f3venes Dise\u00f1adores. Ha quedado en segunda posici\u00f3n. No est\u00e1 mal. Es la primera vez que Cantabria est\u00e1 presente en este certamen y lo ha logrado gracias a la iniciativa de Jos\u00e9 Luis Callejo, santanderino, organizador de eventos y productor de moda.<\/p>\n<p>Hablando de eventos. El Ayuntamiento de Santander ha concedido al escritor y galerista Manuel Arce Lago la Medalla de Plata del municipio; los amigos de Jos\u00e9 Sanz Tejera (21 de febrero de 1922), conocido como &#8216;Cioli&#8217;, reclaman para \u00e9l, salvador de cien vidas, un monumento y Paula Calder\u00f3n Oria cumple 100 a\u00f1os ma\u00f1ana s\u00e1bado, 5 de marzo. Nacida en Sel de Carrera (Cantabria) en 1911, es la peque\u00f1a de siete hermanos, todos ellos muy longevos. Para celebrar este especial aniversario sus hijos, nietos y bisnietos tienen preparada para ella una fiesta muy especial. Ser\u00e1 especial, puesto que su nieto, el publicista Tasio Fern\u00e1ndez, es especialista en la imaginaci\u00f3n. Vive de ello.<\/p>\n<p>Tengo una historia curiosa. Alfredo Castanedo, director del Hotel Los \u00c1ngeles en Boo de Guarnizo, tuvo hospedada en agosto de 1980 a una francesa, madame Luxey- Siberchicot, de la localidad de La Hume. Pues acaba de recibir una carta en la que esta buena se\u00f1ora le devuelve la llave de la habitaci\u00f3n 435, con su llavero triangular de metal, y una nota: \u00abHe encontrado hoy en mi bolso la llave de la habitaci\u00f3n que olvid\u00e9 dejarle cuando march\u00e9 de ah\u00ed. Se la env\u00edo, rog\u00e1ndole me disculpe\u00bb. La nota tiene fecha de agosto de 1980. Lleg\u00f3 treinta a\u00f1os despu\u00e9s.<\/p>\n<p>Y ahora un critiqueo. Nuestra Pen\u00e9lope se present\u00f3 en la entrega de los Oscar con un vestido largo de color rojo, estupenda y curvosa tras el parto, pero quiz\u00e1s demasiado escote. Ha triunfado entre los norteamericanos, porque la han encontrado muy latina. Para m\u00ed, para m\u00ed, iba un poco ordinaria con tanto &#8216;pechamen&#8217; a la vista. A veces, mi asistenta cubana Daisy me recibe con un aurresku, como si fuera una personalidad. Esta vez no. Criticar a &#8216;Pe&#8217; es, para la reina de mi casa, un &#8216;pecao&#8217; y punto. Y yo le canto \u00abLa mujer que yo quiero no necesita ba\u00f1arse cada d\u00eda en agua bendita\u00bb. Lo dice Joan Manuel Serrat.<\/p>\n<!-- AddThis Advanced Settings generic via filter on the_content --><!-- AddThis Share Buttons generic via filter on the_content -->","protected":false},"excerpt":{"rendered":"<p>Por si no se hab\u00edan dado cuenta, ha llegado marzo. En esta \u00e9poca se cantan las marzas abriendo la puerta a la primavera. &#8216;Marzo florido sea bienvenido&#8217;, dice uno de esos cantos populares. En la plaza del Ayuntamiento de Santander tambi\u00e9n se entonaron las marzas, a cargo del Coro Ronda Altamira. Por parte del Consistorio [&hellip;]<!-- AddThis Advanced Settings generic via filter on get_the_excerpt --><!-- AddThis Share Buttons generic via filter on get_the_excerpt --><\/p>\n","protected":false},"author":2,"featured_media":0,"comment_status":"open","ping_status":"closed","sticky":false,"template":"","format":"standard","meta":[],"categories":[2],"tags":[],"_links":{"self":[{"href":"https:\/\/blogs.eldiariomontanes.es\/polvo-callejero\/wp-json\/wp\/v2\/posts\/43"}],"collection":[{"href":"https:\/\/blogs.eldiariomontanes.es\/polvo-callejero\/wp-json\/wp\/v2\/posts"}],"about":[{"href":"https:\/\/blogs.eldiariomontanes.es\/polvo-callejero\/wp-json\/wp\/v2\/types\/post"}],"author":[{"embeddable":true,"href":"https:\/\/blogs.eldiariomontanes.es\/polvo-callejero\/wp-json\/wp\/v2\/users\/2"}],"replies":[{"embeddable":true,"href":"https:\/\/blogs.eldiariomontanes.es\/polvo-callejero\/wp-json\/wp\/v2\/comments?post=43"}],"version-history":[{"count":0,"href":"https:\/\/blogs.eldiariomontanes.es\/polvo-callejero\/wp-json\/wp\/v2\/posts\/43\/revisions"}],"wp:attachment":[{"href":"https:\/\/blogs.eldiariomontanes.es\/polvo-callejero\/wp-json\/wp\/v2\/media?parent=43"}],"wp:term":[{"taxonomy":"category","embeddable":true,"href":"https:\/\/blogs.eldiariomontanes.es\/polvo-callejero\/wp-json\/wp\/v2\/categories?post=43"},{"taxonomy":"post_tag","embeddable":true,"href":"https:\/\/blogs.eldiariomontanes.es\/polvo-callejero\/wp-json\/wp\/v2\/tags?post=43"}],"curies":[{"name":"wp","href":"https:\/\/api.w.org\/{rel}","templated":true}]}}