{"id":38,"date":"2010-12-24T08:18:00","date_gmt":"2010-12-24T08:18:00","guid":{"rendered":"http:\/\/blogs.eldiariomontanes.es\/polvo-callejero\/?p=38"},"modified":"2010-12-24T08:18:00","modified_gmt":"2010-12-24T08:18:00","slug":"ladrones-ponsetias","status":"publish","type":"post","link":"https:\/\/blogs.eldiariomontanes.es\/polvo-callejero\/2010\/12\/24\/ladrones-ponsetias\/","title":{"rendered":"Ladrones de ponsetias"},"content":{"rendered":"<p> De vez en cuando hay que darse un homenaje y disfrutar de alg\u00fan lujo. Yo me lo di el pasado fin de semana en Puente Viesgo. Nada menos que la visita a las cuevas de El Castillo y Las Monedas. Una experiencia inolvidable por tan solo seis euros, con gu\u00eda privado que explic\u00f3 con todo lujo de detalles las pinturas, las cavidades, las estalagmitas, la vida de los primitivos&#8230; En El Castillo la gu\u00eda fue Mercedes y en Las Monedas Gonzalo. Dos expertos, dos fen\u00f3menos. Recomiendo la experiencia de recorrer estas cavidades admirables. Para rematar la jugada visit\u00e9 el Rinc\u00f3n Chico, bar restaurante de Torrelavega en el que Carmen Galarza sirvi\u00f3 un cocido monta\u00f1\u00e9s de quitar el hipo. <\/p>\n<p>Y para acabar la jornada, una sencillo paseo por la Alameda de Oviedo y la calle San Fernando, donde cierran y abren tiendas. Como dice el gerente de la Asociaci\u00f3n de Comerciantes del Centro de Santander, Jos\u00e9 Mar\u00eda Gandarillas: \u00abEl comercio no muere, est\u00e1 muy vivo, los locales abren y cierran\u00bb. Junto a la cafeter\u00eda &#8216;La vi\u00f1a&#8217;, en San Fernando, se abrir\u00e1 en breve una gran oficina del banco ING Direct. <\/p>\n<p>En mi cabeza sigue vivo el citado cocido monta\u00f1\u00e9s cuando me llama Zacar\u00edas Puente para decirme que ya tiene la matanza del cerdo y que este a\u00f1o es excelente. Las papilas gustativas se me revolucionan. Pero, como dice mi doctora, Mar\u00eda \u00c1ngeles Campoy V\u00e1zquez, \u00abmenos plato y m\u00e1s suela de zapato\u00bb. Y mientras me hace esta recomendaci\u00f3n en su consulta del Centro de Salud caen gotas del techo. Filtraciones de lluvia que acaban en un cubo, es decir goteras, a la espera de que arreglen el tejado. No hay presupuesto. En el colegio &#8216;Ram\u00f3n Pelayo&#8217; de Santander, algunos ni\u00f1os llevan un mes sin maestros en varias asignaturas. No hay dinero para contratar quien supla los profesores de baja. Esto va de mal en peor. As\u00ed que, con este panorama, la gente roba hasta las flores de los jardines. <\/p>\n<p>Carmen Ruiz Lav\u00edn, concejal de Parques de Santander, ha adornado la peatonal calle Juan de Herrera con ponsetias, ya saben, la flor de Navidad de hojas rojas. Los desaprensivos las est\u00e1n robando. La verg\u00fcenza ha desaparecido en Santander. Desde Chile, la santanderina Sonia del Campo me informa de su vida. Es aeromoza, felizmente casada con Mauricio Gajardo y a\u00f1ora Santander, El Sardinero y la bah\u00eda. Normal. Su madre, la poeta y escritora Marisa del Campo, tambi\u00e9n a\u00f1ora a su ni\u00f1a. Y yo, claro. <\/p>\n<p>Por Navidad ha vuelto a casa la bailarina de cl\u00e1sico Lorena Fern\u00e1ndez S\u00e1ez, ahora residente en Londres despu\u00e9s de pasar por Nueva York y Glasgow, donde ha desarrollado una intensa y exitosa carrera profesional. Rosa N\u00fa\u00f1ez fue su primera profesora en Santander y sigue d\u00e1ndole consejos acertad\u00edsimos, seg\u00fan me cuenta. Lorena es hija del conocido editor y librero Jos\u00e9 Luis Fern\u00e1ndez G\u00e1ndara, que publica todo lo relacionado con Cantabria. Es Navidad y mi asistenta Daisy prepara la pamela para la boda de Roberto Lia\u00f1o, M\u00edster Cantabria 1996, y To\u00f1i Salazar, cantante, que fue componente del d\u00fao &#8216;Az\u00facar Moreno&#8217;. Se casan en Segovia, el banquete ser\u00e1 en Casa C\u00e1ndido. Despu\u00e9s habr\u00e1 fiestas en Madrid y en Santander, para celebrarlo por todo lo alto con los amigos.  El expresidente de Cantabria y exalcalde de Santander, Juan Hormaechea, no pasa buenos momentos de salud. <\/p>\n<p>Ha permanecido ingresado en el hospital Valdecilla despu\u00e9s de sufrir una ca\u00edda y darse un golpe en la cabeza, sin mayores consecuencias, me asegura su cu\u00f1ado, el hotelero Juan Renedo. Hormaechea naci\u00f3 el 5 de junio de 1939. Pas\u00e9 grandes momentos con \u00e9l cuando fue alcalde, por los ochenta. Esas historias las cuento otro d\u00eda. Si es que me atrevo. Le pido consejo a la tambi\u00e9n periodista Blanca P\u00e9rez Crespo. Juntos vivimos algunas de ellas.<\/p>\n<!-- AddThis Advanced Settings generic via filter on the_content --><!-- AddThis Share Buttons generic via filter on the_content -->","protected":false},"excerpt":{"rendered":"<p>De vez en cuando hay que darse un homenaje y disfrutar de alg\u00fan lujo. Yo me lo di el pasado fin de semana en Puente Viesgo. Nada menos que la visita a las cuevas de El Castillo y Las Monedas. Una experiencia inolvidable por tan solo seis euros, con gu\u00eda privado que explic\u00f3 con todo [&hellip;]<!-- AddThis Advanced Settings generic via filter on get_the_excerpt --><!-- AddThis Share Buttons generic via filter on get_the_excerpt --><\/p>\n","protected":false},"author":2,"featured_media":0,"comment_status":"open","ping_status":"closed","sticky":false,"template":"","format":"standard","meta":[],"categories":[2],"tags":[5,13,18,19],"_links":{"self":[{"href":"https:\/\/blogs.eldiariomontanes.es\/polvo-callejero\/wp-json\/wp\/v2\/posts\/38"}],"collection":[{"href":"https:\/\/blogs.eldiariomontanes.es\/polvo-callejero\/wp-json\/wp\/v2\/posts"}],"about":[{"href":"https:\/\/blogs.eldiariomontanes.es\/polvo-callejero\/wp-json\/wp\/v2\/types\/post"}],"author":[{"embeddable":true,"href":"https:\/\/blogs.eldiariomontanes.es\/polvo-callejero\/wp-json\/wp\/v2\/users\/2"}],"replies":[{"embeddable":true,"href":"https:\/\/blogs.eldiariomontanes.es\/polvo-callejero\/wp-json\/wp\/v2\/comments?post=38"}],"version-history":[{"count":0,"href":"https:\/\/blogs.eldiariomontanes.es\/polvo-callejero\/wp-json\/wp\/v2\/posts\/38\/revisions"}],"wp:attachment":[{"href":"https:\/\/blogs.eldiariomontanes.es\/polvo-callejero\/wp-json\/wp\/v2\/media?parent=38"}],"wp:term":[{"taxonomy":"category","embeddable":true,"href":"https:\/\/blogs.eldiariomontanes.es\/polvo-callejero\/wp-json\/wp\/v2\/categories?post=38"},{"taxonomy":"post_tag","embeddable":true,"href":"https:\/\/blogs.eldiariomontanes.es\/polvo-callejero\/wp-json\/wp\/v2\/tags?post=38"}],"curies":[{"name":"wp","href":"https:\/\/api.w.org\/{rel}","templated":true}]}}