{"id":37,"date":"2010-12-17T18:02:00","date_gmt":"2010-12-17T18:02:00","guid":{"rendered":"http:\/\/blogs.eldiariomontanes.es\/polvo-callejero\/?p=37"},"modified":"2010-12-17T18:02:00","modified_gmt":"2010-12-17T18:02:00","slug":"esperamos-alegrias","status":"publish","type":"post","link":"https:\/\/blogs.eldiariomontanes.es\/polvo-callejero\/2010\/12\/17\/esperamos-alegrias\/","title":{"rendered":"Esperamos alegr\u00edas"},"content":{"rendered":"<div class=\"p\" id=\"story-texto\">\n<div class=\"p\">Hay rumores de que llega la Navidad. As\u00ed que llamo a  Silvia Gil y Laura de la Pe\u00f1a, de la empresa Rumore Eventos, que se  encargan de la promoci\u00f3n de j\u00f3venes actores para que me lo confirmen.  Tambi\u00e9n contacto con el nuevo presidente del Club de Remo de Santo\u00f1a, el  periodista \u00cd\u00f1igo Fern\u00e1ndez, y con el mago Ra\u00fal Alegr\u00eda, invitado a  participar en el Show Magic Underground de Jeff Mcbride, en Las Vegas  (Estados Unidos). Todos lo confirman. S\u00ed, el pr\u00f3ximo d\u00eda 25, como cada  a\u00f1o, ser\u00e1 Navidad. Y no crean que se presenta de las mejores. Me lo dice  un taxista: \u00abestuve tres horas de espera en la parada hasta que subi\u00f3  alguien y puede hacer una &#8216;carrera&#8217;. Y en el puente de la Constituci\u00f3n  la cosa no funcion\u00f3 nada bien\u00bb. Este es el panorama. Confiamos en la  loter\u00eda. El club de Remo de Santo\u00f1a juega el n\u00famero 19.966. Si nos  tocase el Gordo nos caer\u00edan 15.000 euros por cada uno jugado.<\/p>\n<\/div>\n<div class=\"p\">La Agrupaci\u00f3n Lebaniega de Santander, que preside Rosa  Mier, celebra este domingo, d\u00eda 19, en el hotel Chiqui de Santander su  anual Merienda de Navidad, en la que se dar\u00e1 a conocer el nombre de la  persona que ha sido elegida &#8216;Vecero 2010&#8217;. El a\u00f1o pasado el vecero fue  Jos\u00e9 Mar\u00eda P\u00e9rez &#8216;Peridis&#8217;, natural de Cabez\u00f3n de Li\u00e9bana. En el otro  lado del charco se mueve el agua. <\/p>\n<p>Me escribe desde La Habana el  periodista Fernando Garc\u00eda, santanderino. \u00abCuba -dice- tiene un problema  de F\u00edsica, rama de la Din\u00e1mica. Se trata de una cuesti\u00f3n de inercia\u00bb.  La cosa promete. \u00abA lo largo de cincuenta a\u00f1os -prosigue- el sistema  cre\u00f3 una mentalidad pol\u00edtica y unos h\u00e1bitos sociales cuya fuerza resulta  ahora muy dif\u00edcil de contrarrestar. Lo est\u00e1n diciendo, a menudo en  clave pero a veces de modo expl\u00edcito, los medios oficiales y los  dirigentes; empezando por Ra\u00fal Castro, que en uno de sus contados pero  siempre interesantes discursos declar\u00f3 hace unos meses que Cuba no puede  seguir proyect\u00e1ndose como \u00abel \u00fanico pa\u00eds del mundo donde se puede vivir  sin trabajar\u00bb. Mi asistenta mulata Daisy no es pro r\u00e9gimen, es pro  cubanos, as\u00ed que discrepa en parte. Pero como es Navidad no entramos en  pol\u00e9micas, no sea que me deje plantado. Aunque como me contaba el otro  d\u00eda Josemi Rodr\u00edguez Sieiro: \u00abhay d\u00edas en que gusta estar sin servicio  para ser uno mismo el rey de su propia casa\u00bb.<\/p>\n<\/div>\n<div class=\"p\">En los libros est\u00e1 todo. Lo bueno y lo malo. En &#8216;La  Infanta republicana. Eulalia de Borb\u00f3n&#8217;, Jos\u00e9 Mar\u00eda Zavala relata que en  1876 Isabel II desembarc\u00f3 en Santander, de regreso del exilio franc\u00e9s.  Ella y sus hijas, las Infantas Eulalia, Paz y Pilar permanecieron mes y  medio alojadas en el palacete del marqu\u00e9s de Casa Pombo (detr\u00e1s del  hotel Sardinero) \u00absalvo unos d\u00edas que pasaron en las playas de Ontaneda,  donde la Reina aprovech\u00f3 para tomar sus recomendados ba\u00f1os de mar\u00bb.  Zavala copi\u00f3 a Mar\u00eda Jos\u00e9 Rubio, cuando cuenta en 2003 en la biograf\u00eda  de la Infanta Isabel &#8216;la chata&#8217; id\u00e9ntica historia basada en el total  desconocimiento de Cantabria.<\/p>\n<\/div>\n<div class=\"p\">Ra\u00fal Alegr\u00eda llega a Cantabria un d\u00eda de estos para  realizar su espect\u00e1culo Navidades M\u00e1gicas en Familia, en el Caf\u00e9 de las  Artes Teatro, en la calle Garc\u00eda Morato de Santander. Reci\u00e9n acab\u00f3 un  curso en la Escuela de Artes M\u00e1gicas Esc\u00e9nicas Ayala EFX, seis horas  todos los d\u00edas desde prontito en la ma\u00f1ana. Quiz\u00e1 pueda sacar de su  chistera esperanza navide\u00f1a o las chicas de Rumore nos contraten un Papa  N\u00f6el sexy que nos haga re\u00edr en estas fiestas.<\/p>\n<\/div>\n<div class=\"p\">Entre nuestros deseos navide\u00f1os est\u00e1 que el primer  teniente de alcalde de Santander, Samuel Ruiz (PP), y la hasta ahora  concejal en Torrelavega Olga Quintanilla (PRC) sigan adelante con su  historia de amor. De momento no hay boda, me lo ha dicho \u00e9l, pero qui\u00e9n  sabe si en el portal de Bel\u00e9n puedan aparecer una alianzas. <\/div>\n<\/p><\/div>\n<!-- AddThis Advanced Settings generic via filter on the_content --><!-- AddThis Share Buttons generic via filter on the_content -->","protected":false},"excerpt":{"rendered":"<p>Hay rumores de que llega la Navidad. As\u00ed que llamo a Silvia Gil y Laura de la Pe\u00f1a, de la empresa Rumore Eventos, que se encargan de la promoci\u00f3n de j\u00f3venes actores para que me lo confirmen. Tambi\u00e9n contacto con el nuevo presidente del Club de Remo de Santo\u00f1a, el periodista \u00cd\u00f1igo Fern\u00e1ndez, y con [&hellip;]<!-- AddThis Advanced Settings generic via filter on get_the_excerpt --><!-- AddThis Share Buttons generic via filter on get_the_excerpt --><\/p>\n","protected":false},"author":2,"featured_media":0,"comment_status":"open","ping_status":"closed","sticky":false,"template":"","format":"standard","meta":[],"categories":[2],"tags":[3,7,10,11,12],"_links":{"self":[{"href":"https:\/\/blogs.eldiariomontanes.es\/polvo-callejero\/wp-json\/wp\/v2\/posts\/37"}],"collection":[{"href":"https:\/\/blogs.eldiariomontanes.es\/polvo-callejero\/wp-json\/wp\/v2\/posts"}],"about":[{"href":"https:\/\/blogs.eldiariomontanes.es\/polvo-callejero\/wp-json\/wp\/v2\/types\/post"}],"author":[{"embeddable":true,"href":"https:\/\/blogs.eldiariomontanes.es\/polvo-callejero\/wp-json\/wp\/v2\/users\/2"}],"replies":[{"embeddable":true,"href":"https:\/\/blogs.eldiariomontanes.es\/polvo-callejero\/wp-json\/wp\/v2\/comments?post=37"}],"version-history":[{"count":0,"href":"https:\/\/blogs.eldiariomontanes.es\/polvo-callejero\/wp-json\/wp\/v2\/posts\/37\/revisions"}],"wp:attachment":[{"href":"https:\/\/blogs.eldiariomontanes.es\/polvo-callejero\/wp-json\/wp\/v2\/media?parent=37"}],"wp:term":[{"taxonomy":"category","embeddable":true,"href":"https:\/\/blogs.eldiariomontanes.es\/polvo-callejero\/wp-json\/wp\/v2\/categories?post=37"},{"taxonomy":"post_tag","embeddable":true,"href":"https:\/\/blogs.eldiariomontanes.es\/polvo-callejero\/wp-json\/wp\/v2\/tags?post=37"}],"curies":[{"name":"wp","href":"https:\/\/api.w.org\/{rel}","templated":true}]}}