{"id":34,"date":"2009-05-27T20:09:00","date_gmt":"2009-05-27T20:09:00","guid":{"rendered":"http:\/\/blogs.eldiariomontanes.es\/polvo-callejero\/?p=34"},"modified":"2009-05-27T20:09:00","modified_gmt":"2009-05-27T20:09:00","slug":"vivimos-el-entretiempo","status":"publish","type":"post","link":"https:\/\/blogs.eldiariomontanes.es\/polvo-callejero\/2009\/05\/27\/vivimos-el-entretiempo\/","title":{"rendered":"Vivimos en el entretiempo"},"content":{"rendered":"<p>juan carlos flores-gispert<br \/>\nLa gran Chavela Vargas, cantante a la que admiro bastante, acaba de cumplir 90 a\u00f1os. Dijo una vez que se hab\u00eda bebido todo el tequila de M\u00e9xico. Y aunque vivi\u00f3 borracha mucho tiempo (lo dijo ella) est\u00e1 tan lucida que ha veces espanta. Ha contado hace muy pocos d\u00edas: \u00abel p\u00fablico me est\u00e1 pidiendo amor\u00bb. \u00a1Que raz\u00f3n tiene! La gente pide amor constantemente. Mejor dicho: la gente necesita mucho amor. Mi m\u00e9dica est\u00e9tica (C. O.) se dedica a mejorar la vida de hombres y mujeres proporcion\u00e1ndoles mejor aspecto, lo que mejora su estado de \u00e1nimo. Es una forma de dar amor (y mucho). Julia Llorente, actriz y guionista, con quien me une relaci\u00f3n que va m\u00e1s alla de lo profesional, da amor a raudales porque nos hace re\u00edr con conocimiento. Estudi\u00f3 Psicolog\u00eda, as\u00ed que sabe de qu\u00e9 habla y c\u00f3mo lo habla. El pr\u00f3ximo 8 de junio trabajar\u00e1 para las presas de la Provincial de Santander, con uno de sus n\u00fameros teatrales como \u2018Mar\u00eda de los Nervios\u2019. Y el 1 de junio, las gentes del teatro se re\u00fanen para celebrar la entrega del Premio Mayte de Teatro Madrid. Los finalistas son Mar\u00eda Ad\u00e1nez, Roberto Alamo, Malena Alterio, Jaroslav Bielski, Mar\u00eda Fernanda D\u2019Oc\u00f3n, Mario Gas, Carmen Machi, Miguel Narros, Viky Pe\u00f1a, Blanca Portillo, Aitana S\u00e1nchez Gij\u00f3n y Clara Segura.<br \/>\nEl cura Alberto Gat\u00f3n se va de Lamas\u00f3n con el t\u00edtulo de Hijo Adoptivo bajo el brazo. Se lo ha merecido, ha dado amor a raudales. Pasa el tiempo r\u00e1pidamente. Si lo piensan vivimos en un entretiempo: entre el oto\u00f1o y el verano, entre la juventud y la senectud, entre las vacaciones y el trabajo&#8230; Y entre tantos entretiempos, Inger Nilsson, la protagonista de \u2018Pipi Calzaslargas\u2019, ha cumplido cincuenta a\u00f1os. Tiemblo de s\u00f3lo pensarlo. As\u00ed que no lo hago. Mi asistenta Daisy (que piensa que los hombres s\u00f3lo pensamos en una cosa, que es la carne) se r\u00ede con acento caribe\u00f1o de que nos d\u00e9 miedo el entretiempo. Y sentencia: \u00abpero, que es lo que tu crees, mi amol. Todos caminamos hacia una s\u00f3la cosa segura, que es la muerte\u00bb.<br \/>\nAs\u00ed que, con estos pensamientos tan fundados s\u00f3lo nos queda reirnos. Aunque sea de nosotros mismos.<\/p>\n<p>El pr\u00f3ximo martes, 26 de mayo, a las 20.30 horas, el Gran Casino del Sardinero acoger\u00e1 un desfile con las tendencias de la moda ba\u00f1o para el verano 2009 a beneficio de la asociaci\u00f3n Nuevo Futuro de Cantabria. Las entradas, a 8 euros, pueden adquirirse en el Gran Casino. Desfilar\u00e1n las misses Lucila Fern\u00e1ndez, Sandra Veiga, Elena Outeri\u00f1o y Vanessa Mart\u00ednez, junto a Carmen Urdinguio, Katia Bolado, Silvia L\u00f3pez, Ruth Tol\u00edn, Laura Cosmea, Mar\u00eda Clara Garc\u00eda, Veronika Petrova y Mar\u00eda Natal, as\u00ed como los m\u00edsters Asier G\u00f3mez y Francisco Ruiz. Se mostrar\u00e1 ropa de la boutique Pedro Fern\u00e1ndez Oru\u00f1a, las creaciones de fiesta y ceremonia de la dise\u00f1adora Trinidad Castillo y joyer\u00eda de la Galer\u00eda Velarte y Norjoya. Colaboran Lucana Giova, Hedonai y el Multimedia EL DIARIO MONTA\u00d1\u00c9S. \/ DM<\/p>\n<p> jcflores@eldiariomontanes.es <\/p>\n<!-- AddThis Advanced Settings generic via filter on the_content --><!-- AddThis Share Buttons generic via filter on the_content -->","protected":false},"excerpt":{"rendered":"<p>juan carlos flores-gispert La gran Chavela Vargas, cantante a la que admiro bastante, acaba de cumplir 90 a\u00f1os. Dijo una vez que se hab\u00eda bebido todo el tequila de M\u00e9xico. Y aunque vivi\u00f3 borracha mucho tiempo (lo dijo ella) est\u00e1 tan lucida que ha veces espanta. Ha contado hace muy pocos d\u00edas: \u00abel p\u00fablico me [&hellip;]<!-- AddThis Advanced Settings generic via filter on get_the_excerpt --><!-- AddThis Share Buttons generic via filter on get_the_excerpt --><\/p>\n","protected":false},"author":2,"featured_media":0,"comment_status":"open","ping_status":"closed","sticky":false,"template":"","format":"standard","meta":[],"categories":[2],"tags":[],"_links":{"self":[{"href":"https:\/\/blogs.eldiariomontanes.es\/polvo-callejero\/wp-json\/wp\/v2\/posts\/34"}],"collection":[{"href":"https:\/\/blogs.eldiariomontanes.es\/polvo-callejero\/wp-json\/wp\/v2\/posts"}],"about":[{"href":"https:\/\/blogs.eldiariomontanes.es\/polvo-callejero\/wp-json\/wp\/v2\/types\/post"}],"author":[{"embeddable":true,"href":"https:\/\/blogs.eldiariomontanes.es\/polvo-callejero\/wp-json\/wp\/v2\/users\/2"}],"replies":[{"embeddable":true,"href":"https:\/\/blogs.eldiariomontanes.es\/polvo-callejero\/wp-json\/wp\/v2\/comments?post=34"}],"version-history":[{"count":0,"href":"https:\/\/blogs.eldiariomontanes.es\/polvo-callejero\/wp-json\/wp\/v2\/posts\/34\/revisions"}],"wp:attachment":[{"href":"https:\/\/blogs.eldiariomontanes.es\/polvo-callejero\/wp-json\/wp\/v2\/media?parent=34"}],"wp:term":[{"taxonomy":"category","embeddable":true,"href":"https:\/\/blogs.eldiariomontanes.es\/polvo-callejero\/wp-json\/wp\/v2\/categories?post=34"},{"taxonomy":"post_tag","embeddable":true,"href":"https:\/\/blogs.eldiariomontanes.es\/polvo-callejero\/wp-json\/wp\/v2\/tags?post=34"}],"curies":[{"name":"wp","href":"https:\/\/api.w.org\/{rel}","templated":true}]}}