{"id":33,"date":"2009-05-03T21:12:00","date_gmt":"2009-05-03T21:12:00","guid":{"rendered":"http:\/\/blogs.eldiariomontanes.es\/polvo-callejero\/?p=33"},"modified":"2009-05-03T21:12:00","modified_gmt":"2009-05-03T21:12:00","slug":"cuchu-y-paraiso-montanes","status":"publish","type":"post","link":"https:\/\/blogs.eldiariomontanes.es\/polvo-callejero\/2009\/05\/03\/cuchu-y-paraiso-montanes\/","title":{"rendered":"Cuchu y el paraiso monta\u00f1\u00e9s"},"content":{"rendered":"<p>Los a <\/p>\n<table class=\"resultado-imagenes\" width=\"96%\" border=\"0\" cellpadding=\"0\" cellspacing=\"0\">\n<tbody>\n<tr>\n<td class=\"resultado-datos\" colspan=\"2\" rowspan=\"2\" height=\"40\">\n<p class=\"estiloTEXTO\" align=\"justify\">\n<hr>\n<p> <strong>POLVO CALLEJERO<\/strong><br \/>\nCuchu y el para\u00edso monta\u00f1\u00e9s  <\/p>\n<p class=\"estiloSUMARIO\" align=\"justify\">JUAN CARLOS FLORES-GISPERT<\/p>\n<p class=\"estiloTEXTO\" align=\"justify\">\n<hr>\n<p> No s\u00f3lo a la cantante To\u00f1i Salazar le gusta El Sardinero para disfrutar de  Santander. A Carmen Mart\u00ednez-Bordi\u00fa que (seg\u00fan ha contado en las revistas del  color\u00edn le gustan mucho los gorilas) la playa de El Sardinero le proporciona  mucho relax. Por la ma\u00f1ana pasea por la playa, se mete en el agua aunque est\u00e9  fr\u00eda y se restriega el cuerpo con algas porque son buenas para la piel. Es de  gustos sencillos (lo ha dicho ella), as\u00ed que juega al m\u00fas en el Complejo  Deportivo de La Albericia con Teo, el concesionario del bar. Y come en &#8220;La  Nuncia&#8221;, en Cueto, el restaurante de la simp\u00e1tica Angelines. Por si no lo  recuerdan, ella est\u00e1 casada con Jose Campos, due\u00f1o del bar Culturas y de pistas  de padel en Parayas. Ella (ella no hay m\u00e1s que una), pasa muchos ratos en el  local de \u00e9l. Y \u00e9l, feliz, cuenta por donde quieren o\u00edrle: \u00abSi llego a saber c\u00f3mo  es el matrimonio me caso antes\u00bb. Contrajeron nupcias en 2006. Hecha la  propaganda, cambio de tema.<br \/>\nLa \u00faltima reuni\u00f3n de famosos se ha celebrado en  el Palacio de la Magdalena de Santander: Manolo Zarzo, Mar\u00eda Fernanda D\u00b4Ocon,  Andr\u00e9s Resino, Josep Mar\u00eda Flotats, Javier Cifri\u00e1n, Juanjo Seoane, Paco  Valladares, Blanca Portillo y Betty Misiego, entre otros. Fue emocionante ver a  Betty Misiego en vivo y en directo. Viene de vez en cuando a Cantabria y se  recluye en casa de unos buenos amigos, con hermosas vista a las praderas  c\u00e1ntabras. Karina ha estado hace poco en Santander. Tambi\u00e9n se ha hospedado en  casa de amigos. Vino a una fiesta a\u00f1os sesenta, en la que fue la gran estrella.  Fiesta organizada por la empresa Rumore, de Silvia Gil y Laura de la Pe\u00f1a.<br \/>\nY  en Torrelavega, la Corporaci\u00f3n Municipal que preside Blanca Rosa G\u00f3mez Morante,  ha decidido que un lugar p\u00fablico de la ciudad lleve el nombre del abogado Nilo  Merino, fallecido en enero pasado. Se quiere que en la memoria colectiva  torrelaveguense quede el nombre de este hombre, al que se le han reconocido sus  muchos m\u00e9ritos personales y su entrega a Torrelavega con la Medalla de Oro de la  Ciudad. Y desde Lamas\u00f3n, el cura Alberto Gat\u00f3n nos regala uno de sus textos en  los que, esta vez, alaba a los ganaderos por su \u00abdiario bregar con el cuchu\u00bb y  explica que Cantabria es \u00abel para\u00edso de la m\u00e1s guapas vacas tudancas del  planeta\u00bb. (Para los no informados, el &#8220;cuchu&#8221; es la caca de vaca). Pas\u00f3 Sant  Jordi y no tuve ni rosa ni libro. Mi asistenta cubana Daisy tampoco. Una  l\u00e1stima.<\/p>\n<p>jcflores@eldiariomontanes.es <\/td>\n<\/tr>\n<tr>\n<td class=\"resultado-datos\" valign=\"top\"> <\/td>\n<td class=\"resultado-datos\" colspan=\"2\" align=\"right\" height=\"20\">\n<\/td>\n<\/tr>\n<\/tbody>\n<\/table>\n<table class=\"resultado-imagenes\" width=\"97%\" border=\"0\" cellpadding=\"0\" cellspacing=\"0\">\n<tbody>\n<tr>\n<td class=\"contenido3b\" valign=\"top\">\n<\/td>\n<\/tr>\n<tr>\n<td width=\"100%\" height=\"20\">\n<\/td>\n<\/tr>\n<tr>\n<td class=\"pestanaoff\">\n<\/td>\n<\/tr>\n<\/tbody>\n<\/table>\n<!-- AddThis Advanced Settings generic via filter on the_content --><!-- AddThis Share Buttons generic via filter on the_content -->","protected":false},"excerpt":{"rendered":"<p>Los a POLVO CALLEJERO Cuchu y el para\u00edso monta\u00f1\u00e9s JUAN CARLOS FLORES-GISPERT No s\u00f3lo a la cantante To\u00f1i Salazar le gusta El Sardinero para disfrutar de Santander. A Carmen Mart\u00ednez-Bordi\u00fa que (seg\u00fan ha contado en las revistas del color\u00edn le gustan mucho los gorilas) la playa de El Sardinero le proporciona mucho relax. Por la [&hellip;]<!-- AddThis Advanced Settings generic via filter on get_the_excerpt --><!-- AddThis Share Buttons generic via filter on get_the_excerpt --><\/p>\n","protected":false},"author":2,"featured_media":0,"comment_status":"open","ping_status":"closed","sticky":false,"template":"","format":"standard","meta":[],"categories":[2],"tags":[],"_links":{"self":[{"href":"https:\/\/blogs.eldiariomontanes.es\/polvo-callejero\/wp-json\/wp\/v2\/posts\/33"}],"collection":[{"href":"https:\/\/blogs.eldiariomontanes.es\/polvo-callejero\/wp-json\/wp\/v2\/posts"}],"about":[{"href":"https:\/\/blogs.eldiariomontanes.es\/polvo-callejero\/wp-json\/wp\/v2\/types\/post"}],"author":[{"embeddable":true,"href":"https:\/\/blogs.eldiariomontanes.es\/polvo-callejero\/wp-json\/wp\/v2\/users\/2"}],"replies":[{"embeddable":true,"href":"https:\/\/blogs.eldiariomontanes.es\/polvo-callejero\/wp-json\/wp\/v2\/comments?post=33"}],"version-history":[{"count":0,"href":"https:\/\/blogs.eldiariomontanes.es\/polvo-callejero\/wp-json\/wp\/v2\/posts\/33\/revisions"}],"wp:attachment":[{"href":"https:\/\/blogs.eldiariomontanes.es\/polvo-callejero\/wp-json\/wp\/v2\/media?parent=33"}],"wp:term":[{"taxonomy":"category","embeddable":true,"href":"https:\/\/blogs.eldiariomontanes.es\/polvo-callejero\/wp-json\/wp\/v2\/categories?post=33"},{"taxonomy":"post_tag","embeddable":true,"href":"https:\/\/blogs.eldiariomontanes.es\/polvo-callejero\/wp-json\/wp\/v2\/tags?post=33"}],"curies":[{"name":"wp","href":"https:\/\/api.w.org\/{rel}","templated":true}]}}