{"id":28,"date":"2009-04-06T13:43:00","date_gmt":"2009-04-06T13:43:00","guid":{"rendered":"http:\/\/blogs.eldiariomontanes.es\/polvo-callejero\/?p=28"},"modified":"2009-04-06T13:43:00","modified_gmt":"2009-04-06T13:43:00","slug":"las-senoras-se-rifan","status":"publish","type":"post","link":"https:\/\/blogs.eldiariomontanes.es\/polvo-callejero\/2009\/04\/06\/las-senoras-se-rifan\/","title":{"rendered":"Las se\u00f1oras se le rifan"},"content":{"rendered":"<p>En la reciente fiesta para la tercera edad celebrada en Santander, las se\u00f1oras se rifaron al alcalde, \u00cd\u00f1igo de la Serna. En el baile, todas quer\u00edan por \u2018agarrao\u2019. Fue la expectaci\u00f3n de la fiesta, a la que acudieron centenares de personas para disfrutar de una tarde de m\u00fasica y alegr\u00eda. \/ DANIEL PEDRIZA<\/p>\n<p><IMG src=\"\/polvo-callejero\/files\/baile.jpg\" id=\"img_0\" class=\"imgcen\"><\/p>\n<!-- AddThis Advanced Settings generic via filter on the_content --><!-- AddThis Share Buttons generic via filter on the_content -->","protected":false},"excerpt":{"rendered":"<p>En la reciente fiesta para la tercera edad celebrada en Santander, las se\u00f1oras se rifaron al alcalde, \u00cd\u00f1igo de la Serna. En el baile, todas quer\u00edan por \u2018agarrao\u2019. Fue la expectaci\u00f3n de la fiesta, a la que acudieron centenares de personas para disfrutar de una tarde de m\u00fasica y alegr\u00eda. \/ DANIEL PEDRIZA<!-- AddThis Advanced Settings generic via filter on get_the_excerpt --><!-- AddThis Share Buttons generic via filter on get_the_excerpt --><\/p>\n","protected":false},"author":2,"featured_media":0,"comment_status":"open","ping_status":"closed","sticky":false,"template":"","format":"standard","meta":[],"categories":[2],"tags":[],"_links":{"self":[{"href":"https:\/\/blogs.eldiariomontanes.es\/polvo-callejero\/wp-json\/wp\/v2\/posts\/28"}],"collection":[{"href":"https:\/\/blogs.eldiariomontanes.es\/polvo-callejero\/wp-json\/wp\/v2\/posts"}],"about":[{"href":"https:\/\/blogs.eldiariomontanes.es\/polvo-callejero\/wp-json\/wp\/v2\/types\/post"}],"author":[{"embeddable":true,"href":"https:\/\/blogs.eldiariomontanes.es\/polvo-callejero\/wp-json\/wp\/v2\/users\/2"}],"replies":[{"embeddable":true,"href":"https:\/\/blogs.eldiariomontanes.es\/polvo-callejero\/wp-json\/wp\/v2\/comments?post=28"}],"version-history":[{"count":0,"href":"https:\/\/blogs.eldiariomontanes.es\/polvo-callejero\/wp-json\/wp\/v2\/posts\/28\/revisions"}],"wp:attachment":[{"href":"https:\/\/blogs.eldiariomontanes.es\/polvo-callejero\/wp-json\/wp\/v2\/media?parent=28"}],"wp:term":[{"taxonomy":"category","embeddable":true,"href":"https:\/\/blogs.eldiariomontanes.es\/polvo-callejero\/wp-json\/wp\/v2\/categories?post=28"},{"taxonomy":"post_tag","embeddable":true,"href":"https:\/\/blogs.eldiariomontanes.es\/polvo-callejero\/wp-json\/wp\/v2\/tags?post=28"}],"curies":[{"name":"wp","href":"https:\/\/api.w.org\/{rel}","templated":true}]}}