{"id":23,"date":"2009-03-16T17:25:06","date_gmt":"2009-03-16T17:25:06","guid":{"rendered":"http:\/\/blogs.eldiariomontanes.es\/polvo-callejero\/?p=23"},"modified":"2009-03-16T17:25:06","modified_gmt":"2009-03-16T17:25:06","slug":"una-veterana-sigue-muy-activo","status":"publish","type":"post","link":"https:\/\/blogs.eldiariomontanes.es\/polvo-callejero\/2009\/03\/16\/una-veterana-sigue-muy-activo\/","title":{"rendered":"Una veterana que sigue muy en activo"},"content":{"rendered":"<p><IMG src=\"\/polvo-callejero\/files\/chola.jpg\" id=\"img_0\" class=\"imgcen\">Amparo Rosa Ruiz Gonz\u00e1lez, conocida popularmente como \u2018La Chola\u2019, va camino     de cumplir 82 a\u00f1os y ah\u00ed sigue, al pie del ca\u00f1\u00f3n, cocinando las mejores paellas de marisco del Barrio Pesquero de Santander. Es madre de diez hijos, abuela de 26  nietos y bisabuela de cuatro. Fue de las \u00faltimas \u2018llamadoras\u2019 a los hombres para que acudieran a los barcos que sal\u00edan a la mar. Lleva trabajando desde los doce a\u00f1os. Ha sido \u2018llamadora\u2019, vendedora de pescado, cocinera de tres bares de su propiedad y, desde hace veinticinco a\u00f1os, cocinera en el bar de su hermana \u2018Cuca\u2019, en el Pesquero, esposa de Agust\u00edn de la Pe\u00f1a. Son los abuelos de Iv\u00e1n de la Pe\u00f1a. \/ SANE<\/p>\n<!-- AddThis Advanced Settings generic via filter on the_content --><!-- AddThis Share Buttons generic via filter on the_content -->","protected":false},"excerpt":{"rendered":"<p>Amparo Rosa Ruiz Gonz\u00e1lez, conocida popularmente como \u2018La Chola\u2019, va camino de cumplir 82 a\u00f1os y ah\u00ed sigue, al pie del ca\u00f1\u00f3n, cocinando las mejores paellas de marisco del Barrio Pesquero de Santander. Es madre de diez hijos, abuela de 26 nietos y bisabuela de cuatro. Fue de las \u00faltimas \u2018llamadoras\u2019 a los hombres para [&hellip;]<!-- AddThis Advanced Settings generic via filter on get_the_excerpt --><!-- AddThis Share Buttons generic via filter on get_the_excerpt --><\/p>\n","protected":false},"author":2,"featured_media":0,"comment_status":"open","ping_status":"closed","sticky":false,"template":"","format":"standard","meta":[],"categories":[2],"tags":[],"_links":{"self":[{"href":"https:\/\/blogs.eldiariomontanes.es\/polvo-callejero\/wp-json\/wp\/v2\/posts\/23"}],"collection":[{"href":"https:\/\/blogs.eldiariomontanes.es\/polvo-callejero\/wp-json\/wp\/v2\/posts"}],"about":[{"href":"https:\/\/blogs.eldiariomontanes.es\/polvo-callejero\/wp-json\/wp\/v2\/types\/post"}],"author":[{"embeddable":true,"href":"https:\/\/blogs.eldiariomontanes.es\/polvo-callejero\/wp-json\/wp\/v2\/users\/2"}],"replies":[{"embeddable":true,"href":"https:\/\/blogs.eldiariomontanes.es\/polvo-callejero\/wp-json\/wp\/v2\/comments?post=23"}],"version-history":[{"count":0,"href":"https:\/\/blogs.eldiariomontanes.es\/polvo-callejero\/wp-json\/wp\/v2\/posts\/23\/revisions"}],"wp:attachment":[{"href":"https:\/\/blogs.eldiariomontanes.es\/polvo-callejero\/wp-json\/wp\/v2\/media?parent=23"}],"wp:term":[{"taxonomy":"category","embeddable":true,"href":"https:\/\/blogs.eldiariomontanes.es\/polvo-callejero\/wp-json\/wp\/v2\/categories?post=23"},{"taxonomy":"post_tag","embeddable":true,"href":"https:\/\/blogs.eldiariomontanes.es\/polvo-callejero\/wp-json\/wp\/v2\/tags?post=23"}],"curies":[{"name":"wp","href":"https:\/\/api.w.org\/{rel}","templated":true}]}}