{"id":20,"date":"2009-03-09T17:12:07","date_gmt":"2009-03-09T17:12:07","guid":{"rendered":"http:\/\/blogs.eldiariomontanes.es\/polvo-callejero\/?p=20"},"modified":"2009-03-09T17:12:07","modified_gmt":"2009-03-09T17:12:07","slug":"comemos-muy-poco-pan","status":"publish","type":"post","link":"https:\/\/blogs.eldiariomontanes.es\/polvo-callejero\/2009\/03\/09\/comemos-muy-poco-pan\/","title":{"rendered":"comemos muy poco pan"},"content":{"rendered":"<p>juan carlos flores-gispert<br \/>\nLos c\u00e1ntabros que viven fuera de la tierra no la olvidan. Los oriundos de nuestra tierra, residentes en Arag\u00f3n est\u00e1n a punto de inaugurar su casa regional. Al frente esta Jos\u00e9 Luis Recio Esteban. Se estima que en Arag\u00f3n hay unos 2.000 c\u00e1ntabros y son muchos los simpatizantes de la cantabricidad. El local social de esta nueva Casa de Cantabria est\u00e1 en un establecimiento hostelero del Paseo de la Independencia de Zaragoza. Si todo va bien, la inauguraci\u00f3n de la sede ser\u00e1 el 12 de marzo. Cuentan con el respaldo institucional, que les agradece que enarbolen la bandera blanca y roja.<br \/>\n El consumo de pan de los c\u00e1ntabros es de 46.6 kilos por habitante y a\u00f1o (en los hogares) a lo que hay que unir lo que comemos en restaurantes. Son m\u00e1s comedores de pan que nosotros los extreme\u00f1os (68.3 kilos), los navarros (66), los riojanos (56), los castellanosleoneses y los vascos (54 kilos), los asturianos (53), los gallegos (50) y los castellanomanchegos (49). Los aragoneses comen 40.3 kilos\/a\u00f1o. Los que menos pan comen son los habitantes de Baleares: tan s\u00f3lo 30 kilos al a\u00f1o por persona. De pan sabe, y mucho, el veterano Enrique G. Torre, de la panader\u00eda del mismo nombre de la calle de Santa Luc\u00eda de Santander. Se merece un homenaje.<br \/>\nLa Comisi\u00f3n de Cultura del Ayuntamiento de Santander, que preside el concejal C\u00e9sar Torrellas, ha decidido dar el nombre del contratenor Jos\u00e9 Antonio Maza y de la poetisa Mar\u00eda Ascensi\u00f3n Fresnedo a dos calles del municipio. Maza dar\u00e1 nombre a una v\u00eda en Pe\u00f1acastillo. Este cantante falleci\u00f3 en 2007 a los 40 a\u00f1os. Cant\u00f3 con Pl\u00e1cido Domingo y destac\u00f3 su labor docente en numerosos grupos corales de Cantabria. En cuanto a la poetisa Mar\u00eda Ascensi\u00f3n Fresnedo, dar\u00e1 nombre a una calle que une la Avenida de los Castros con la dedicada a Sim\u00f3n Cabarga. Fresnedo falleci\u00f3 en 2007, a los 98 a\u00f1os. Fue la decana de las poetisas c\u00e1ntabras y public\u00f3 varios libros, adem\u00e1s de cuentos, y la novela \u2018Dos sombras blancas\u2019.<br \/>\nEn Santander ha estado la ex ministra Carmen Alborch, que ha dejado en el aire una pregunta important\u00edsima \u00bfpor qu\u00e9 los hombres no se  involucran m\u00e1s en la lucha contra la desigualdad que sufren las mujeres? Est\u00e1 claro: por que no queremos perder nuestros privilegios.<br \/>\nUn apunte, \u00bfqui\u00e9n es el core\u00f3grafo del nuevo programa televisivo \u2018Los mejores a\u00f1os de nuestra vida\u2019 que presenta Carlos Sobera? Pues el mejor: el torrelaveguense Javier Castillo, \u2018Poty\u2019. <\/p>\n<p>         jcflores@eldiariomontanes.es<\/p>\n<!-- AddThis Advanced Settings generic via filter on the_content --><!-- AddThis Share Buttons generic via filter on the_content -->","protected":false},"excerpt":{"rendered":"<p>juan carlos flores-gispert Los c\u00e1ntabros que viven fuera de la tierra no la olvidan. Los oriundos de nuestra tierra, residentes en Arag\u00f3n est\u00e1n a punto de inaugurar su casa regional. Al frente esta Jos\u00e9 Luis Recio Esteban. Se estima que en Arag\u00f3n hay unos 2.000 c\u00e1ntabros y son muchos los simpatizantes de la cantabricidad. El [&hellip;]<!-- AddThis Advanced Settings generic via filter on get_the_excerpt --><!-- AddThis Share Buttons generic via filter on get_the_excerpt --><\/p>\n","protected":false},"author":2,"featured_media":0,"comment_status":"open","ping_status":"closed","sticky":false,"template":"","format":"standard","meta":[],"categories":[2],"tags":[],"_links":{"self":[{"href":"https:\/\/blogs.eldiariomontanes.es\/polvo-callejero\/wp-json\/wp\/v2\/posts\/20"}],"collection":[{"href":"https:\/\/blogs.eldiariomontanes.es\/polvo-callejero\/wp-json\/wp\/v2\/posts"}],"about":[{"href":"https:\/\/blogs.eldiariomontanes.es\/polvo-callejero\/wp-json\/wp\/v2\/types\/post"}],"author":[{"embeddable":true,"href":"https:\/\/blogs.eldiariomontanes.es\/polvo-callejero\/wp-json\/wp\/v2\/users\/2"}],"replies":[{"embeddable":true,"href":"https:\/\/blogs.eldiariomontanes.es\/polvo-callejero\/wp-json\/wp\/v2\/comments?post=20"}],"version-history":[{"count":0,"href":"https:\/\/blogs.eldiariomontanes.es\/polvo-callejero\/wp-json\/wp\/v2\/posts\/20\/revisions"}],"wp:attachment":[{"href":"https:\/\/blogs.eldiariomontanes.es\/polvo-callejero\/wp-json\/wp\/v2\/media?parent=20"}],"wp:term":[{"taxonomy":"category","embeddable":true,"href":"https:\/\/blogs.eldiariomontanes.es\/polvo-callejero\/wp-json\/wp\/v2\/categories?post=20"},{"taxonomy":"post_tag","embeddable":true,"href":"https:\/\/blogs.eldiariomontanes.es\/polvo-callejero\/wp-json\/wp\/v2\/tags?post=20"}],"curies":[{"name":"wp","href":"https:\/\/api.w.org\/{rel}","templated":true}]}}