{"id":18,"date":"2009-03-02T12:55:30","date_gmt":"2009-03-02T12:55:30","guid":{"rendered":"http:\/\/blogs.eldiariomontanes.es\/polvo-callejero\/?p=18"},"modified":"2009-03-02T12:55:30","modified_gmt":"2009-03-02T12:55:30","slug":"cioli-cumplio-87","status":"publish","type":"post","link":"https:\/\/blogs.eldiariomontanes.es\/polvo-callejero\/2009\/03\/02\/cioli-cumplio-87\/","title":{"rendered":"Cioli cumpli\u00f3 87"},"content":{"rendered":"<p><IMG class=imgcen id=img_0 src=\"\/polvo-callejero\/wp-content\/uploads\/sites\/2\">Un grupo de amigos de Jos\u00e9 Sanz, \u2018Cioli\u2019, habituales de La Magdalena le ofreci\u00f3 una fiesta por su 87 cumplea\u00f1os, en el que participaron los due\u00f1os del balnerio de esta playa. El \u00e1gape consistio en rabas, fiambre, tortilla de patatas y tarta de bizcocho y yema que hizo Isabel del Pi\u00f1al. \/ S\u00c9 QUINTANA<\/p>\n<!-- AddThis Advanced Settings generic via filter on the_content --><!-- AddThis Share Buttons generic via filter on the_content -->","protected":false},"excerpt":{"rendered":"<p>Un grupo de amigos de Jos\u00e9 Sanz, \u2018Cioli\u2019, habituales de La Magdalena le ofreci\u00f3 una fiesta por su 87 cumplea\u00f1os, en el que participaron los due\u00f1os del balnerio de esta playa. El \u00e1gape consistio en rabas, fiambre, tortilla de patatas y tarta de bizcocho y yema que hizo Isabel del Pi\u00f1al. \/ S\u00c9 QUINTANA<!-- AddThis Advanced Settings generic via filter on get_the_excerpt --><!-- AddThis Share Buttons generic via filter on get_the_excerpt --><\/p>\n","protected":false},"author":2,"featured_media":0,"comment_status":"open","ping_status":"closed","sticky":false,"template":"","format":"standard","meta":[],"categories":[2],"tags":[],"_links":{"self":[{"href":"https:\/\/blogs.eldiariomontanes.es\/polvo-callejero\/wp-json\/wp\/v2\/posts\/18"}],"collection":[{"href":"https:\/\/blogs.eldiariomontanes.es\/polvo-callejero\/wp-json\/wp\/v2\/posts"}],"about":[{"href":"https:\/\/blogs.eldiariomontanes.es\/polvo-callejero\/wp-json\/wp\/v2\/types\/post"}],"author":[{"embeddable":true,"href":"https:\/\/blogs.eldiariomontanes.es\/polvo-callejero\/wp-json\/wp\/v2\/users\/2"}],"replies":[{"embeddable":true,"href":"https:\/\/blogs.eldiariomontanes.es\/polvo-callejero\/wp-json\/wp\/v2\/comments?post=18"}],"version-history":[{"count":0,"href":"https:\/\/blogs.eldiariomontanes.es\/polvo-callejero\/wp-json\/wp\/v2\/posts\/18\/revisions"}],"wp:attachment":[{"href":"https:\/\/blogs.eldiariomontanes.es\/polvo-callejero\/wp-json\/wp\/v2\/media?parent=18"}],"wp:term":[{"taxonomy":"category","embeddable":true,"href":"https:\/\/blogs.eldiariomontanes.es\/polvo-callejero\/wp-json\/wp\/v2\/categories?post=18"},{"taxonomy":"post_tag","embeddable":true,"href":"https:\/\/blogs.eldiariomontanes.es\/polvo-callejero\/wp-json\/wp\/v2\/tags?post=18"}],"curies":[{"name":"wp","href":"https:\/\/api.w.org\/{rel}","templated":true}]}}