{"id":17,"date":"2009-03-02T12:50:55","date_gmt":"2009-03-02T12:50:55","guid":{"rendered":"http:\/\/blogs.eldiariomontanes.es\/polvo-callejero\/?p=17"},"modified":"2009-03-02T12:50:55","modified_gmt":"2009-03-02T12:50:55","slug":"dormir-bien-es-importante","status":"publish","type":"post","link":"https:\/\/blogs.eldiariomontanes.es\/polvo-callejero\/2009\/03\/02\/dormir-bien-es-importante\/","title":{"rendered":"Dormir bien es importante"},"content":{"rendered":"<p>juan carlos flores-gispert<br \/>\nEl tr\u00edo gitano Los Chichos actuar\u00e1 en el palacio de los Deportes de Santander el pr\u00f3ximo 24 de marzo. A 25 euros la entrada. El modista santanderino \u00c1ngel Schlesser estar\u00e1 presente en la feria del stock que se celebra en el Palacio de Exposiciones de Santander  el pr\u00f3ximo 6 de marzo. Y el viernes (antiayer) se present\u00f3 en el Palacio de la Magdalena la nueva Agrupaci\u00f3n Astron\u00f3mica Santander (www.astrosantander.es) que preside Manuel de Vicente Sisniega. Para los brit\u00e1nicos, mucho mas sabios que los espa\u00f1oles (en general), palacio es s\u00f3lo el edificio noble donde residen o han residido reyes. En Cantabria se da el nombre de palacio a casi todo. En Santander el espantoso edificio del Gobierno Regional en Casimiro Sainz, antes de la Diputaci\u00f3n Regional y antes de la Diputaci\u00f3n Provincial, se le llama (por algunos) \u2018Palacio de Puertochico\u2019. Hay que tenerlos bien puestos. Me reir\u00eda si tuviera gracia.<br \/>\nHace pocos d\u00edas el cocinero y jefe de  estudios de cocina de \u2018Las Carolinas\u2019, Fran Jerez, reflexionaba en eldiariomontanes.es sobre \u2018el chupito\u2019,  que en algunos restaurantes te ofrecen despu\u00e9s del caf\u00e9. Yo a veces lo tomo. Siempre era gratis pero, con la crisis, el descaro se est\u00e1 generalizando. La cosa es m\u00e1s o  menos as\u00ed. La camarera: \u00ab\u00bfEl se\u00f1or tomar\u00e1 un chupito?\u00bb. El cliente (yo). \u00abS\u00ed, de orujo\u00bb Llega la cuenta y te lo han cobrado. Nunca antes pasaba eso. El chupito era invitaci\u00f3n para rematar la comida con alegr\u00eda.<br \/>\nHay hosteleros para todo. Por ejemplo,. La due\u00f1a de \u2018La Nuncia\u2019, en Cueto-Santander. Angelines se ha puesto la crisis por montera y tras servir la cena del s\u00e1bado se lanza al ruedo del comedor, imitando a la simpar Pantoja. Anima a la clientela, le invita a cantar y les da un poquito de marcha. Yo estoy por ella. Con permiso de Cristian su marido, a quien est\u00e1 empe\u00f1ada en cortar la coleta.<br \/>\nOjo al dato. Cantabria es una de las comunidades con menos insomnes, seg\u00fan el primer Estudio sobre Salud y Descanso. Y \u00bfen qu\u00e9 postura dormimos los c\u00e1ntabros? Un 55.3% prefiere dormir de lado, frente al 13.2% que lo hace boca abajo (es la comunidad donde m\u00e1s se practica esta postura) y el 7.9% lo hace boca arriba. El colch\u00f3n es un gran aliado, no s\u00f3lo para dormir. En Cantabria, el 67.3% lo utiliza, adem\u00e1s, para mantener relaciones sexuales; el 20.8% para leer y el 29.7% para ver la tele. Dormir bien es importante.  <\/p>\n<p>         jcflores@eldiariomontanes.es<\/p>\n<!-- AddThis Advanced Settings generic via filter on the_content --><!-- AddThis Share Buttons generic via filter on the_content -->","protected":false},"excerpt":{"rendered":"<p>juan carlos flores-gispert El tr\u00edo gitano Los Chichos actuar\u00e1 en el palacio de los Deportes de Santander el pr\u00f3ximo 24 de marzo. A 25 euros la entrada. El modista santanderino \u00c1ngel Schlesser estar\u00e1 presente en la feria del stock que se celebra en el Palacio de Exposiciones de Santander el pr\u00f3ximo 6 de marzo. Y [&hellip;]<!-- AddThis Advanced Settings generic via filter on get_the_excerpt --><!-- AddThis Share Buttons generic via filter on get_the_excerpt --><\/p>\n","protected":false},"author":2,"featured_media":0,"comment_status":"open","ping_status":"closed","sticky":false,"template":"","format":"standard","meta":[],"categories":[2],"tags":[],"_links":{"self":[{"href":"https:\/\/blogs.eldiariomontanes.es\/polvo-callejero\/wp-json\/wp\/v2\/posts\/17"}],"collection":[{"href":"https:\/\/blogs.eldiariomontanes.es\/polvo-callejero\/wp-json\/wp\/v2\/posts"}],"about":[{"href":"https:\/\/blogs.eldiariomontanes.es\/polvo-callejero\/wp-json\/wp\/v2\/types\/post"}],"author":[{"embeddable":true,"href":"https:\/\/blogs.eldiariomontanes.es\/polvo-callejero\/wp-json\/wp\/v2\/users\/2"}],"replies":[{"embeddable":true,"href":"https:\/\/blogs.eldiariomontanes.es\/polvo-callejero\/wp-json\/wp\/v2\/comments?post=17"}],"version-history":[{"count":0,"href":"https:\/\/blogs.eldiariomontanes.es\/polvo-callejero\/wp-json\/wp\/v2\/posts\/17\/revisions"}],"wp:attachment":[{"href":"https:\/\/blogs.eldiariomontanes.es\/polvo-callejero\/wp-json\/wp\/v2\/media?parent=17"}],"wp:term":[{"taxonomy":"category","embeddable":true,"href":"https:\/\/blogs.eldiariomontanes.es\/polvo-callejero\/wp-json\/wp\/v2\/categories?post=17"},{"taxonomy":"post_tag","embeddable":true,"href":"https:\/\/blogs.eldiariomontanes.es\/polvo-callejero\/wp-json\/wp\/v2\/tags?post=17"}],"curies":[{"name":"wp","href":"https:\/\/api.w.org\/{rel}","templated":true}]}}