{"id":15,"date":"2009-02-27T12:33:20","date_gmt":"2009-02-27T12:33:20","guid":{"rendered":"http:\/\/blogs.eldiariomontanes.es\/polvo-callejero\/?p=15"},"modified":"2009-02-27T12:33:20","modified_gmt":"2009-02-27T12:33:20","slug":"vitaminas-forma-risa","status":"publish","type":"post","link":"https:\/\/blogs.eldiariomontanes.es\/polvo-callejero\/2009\/02\/27\/vitaminas-forma-risa\/","title":{"rendered":"Vitaminas en forma de risa"},"content":{"rendered":"<p><strong> <\/strong><\/p>\n<p class=\"estiloTEXTO\" align=\"justify\">\n<hr>\n<p> P arto de la base de que el mejor alimento es una buena compa\u00f1\u00eda y que reir es  un gran aporte de vitamina an\u00edmica. As\u00ed que re\u00edrse de uno mismo debe estar muy  bien. Una de las personas que siempre r\u00ede es el juez Santiago P\u00e9rez Obreg\u00f3n,  quiz\u00e1 eso contribuya a su buena memoria. Se acuerda perfectamente de cuando el  27 de marzo de 1962 interpret\u00f3 en el teatro del Gran Casino del Sardinero el  papel de Paco Ruiz, en la obra &#8220;Los inocentes de La Moncloa&#8221;, de Jos\u00e9 Mar\u00eda  Rodr\u00edguez M\u00e9ndez. Nuestro joven actor formaba parte del Teatro Espa\u00f1ol  Universitario y con \u00e9l actuaron Jos\u00e9 Luis G. Soto, Lola Lav\u00edn Philip, Rafael  Palacios, Luisa Mar\u00eda Castillo, Pablo Nodar y Teresa L. Brunet. El director fue  Jos\u00e9 Antonio L. Solana.<br \/>\nEl teatro es un gran invento, es una pr\u00e1ctica de la  cultura sin la que es imposible vivir. Yo soy un poco actor, estudie &#8220;actoraje&#8221;,  como dice mi asistenta cubana Daisy, a quien el asunto de dar vida a otros  personajes le va mucho. Juan Jos\u00e9 Seoane, el m\u00e1s importante productor espa\u00f1ol de  teatro, es santanderino. Est\u00e1 escribiendo sus memorias y espero que se atreva a  contar todo lo que sabe. Y es mucho de muchas gentes del teatro, de antes y de  ahora. En agosto estrenar\u00e1 en el Festival Internacional de Santander su  producci\u00f3n n\u00famero cien: &#8220;El pisito&#8221; original de Rafael Azcona que ahora  (cincuenta a\u00f1os despu\u00e9s de su estreno cinematogr\u00e1fico) ser\u00e1 dirigido para el  teatro por Pedro Olea. Hace cincuenta a\u00f1os fue dirigida por Marco Ferreri e  interpretado por Mari Carrillo y Jos\u00e9 Luis L\u00f3pez V\u00e1zquez. En versi\u00f3n teatral  contar\u00e1 con Asunci\u00f3n Balaguer, Tet\u00e9 Delgado y Pepe Viyuela, en sus principales  papeles. \u00a1Estreno teatral nacional en Santander!, gran noticia. Tanto como que  el compositor y pianista Phillip Glass abrir\u00e1 en Santander su gira espa\u00f1ola, el  22 de mayo en el Palacio de Festivales. El conocido m\u00fasico naci\u00f3 en Baltimore  (Estados Unidos) el 31 de enero de 1937, y es muy conocido por su m\u00fasica para  pel\u00edculas, con las que ha conseguido numerosos premios. \u00a1Gran anuncio!: el  pr\u00f3ximo 13 de febrero se celebra en el Casino del Sardinero, organizada por la  empresa santanderina Rumore la primera fiesta para singles (en espa\u00f1ol &#8220;personas  sin pareja&#8221;). Habr\u00e1 m\u00fasica, cena, copas y actuaciones en vivo. M\u00edster Cantabria  2008, Francisco Ruiz, har\u00e1 una exhibici\u00f3n de bailes de  sal\u00f3n.<\/p>\n<p>jcflores@eldiariomontanes.es<\/p>\n<!-- AddThis Advanced Settings generic via filter on the_content --><!-- AddThis Share Buttons generic via filter on the_content -->","protected":false},"excerpt":{"rendered":"<p>P arto de la base de que el mejor alimento es una buena compa\u00f1\u00eda y que reir es un gran aporte de vitamina an\u00edmica. As\u00ed que re\u00edrse de uno mismo debe estar muy bien. Una de las personas que siempre r\u00ede es el juez Santiago P\u00e9rez Obreg\u00f3n, quiz\u00e1 eso contribuya a su buena memoria. Se [&hellip;]<!-- AddThis Advanced Settings generic via filter on get_the_excerpt --><!-- AddThis Share Buttons generic via filter on get_the_excerpt --><\/p>\n","protected":false},"author":2,"featured_media":0,"comment_status":"open","ping_status":"closed","sticky":false,"template":"","format":"standard","meta":[],"categories":[2],"tags":[],"_links":{"self":[{"href":"https:\/\/blogs.eldiariomontanes.es\/polvo-callejero\/wp-json\/wp\/v2\/posts\/15"}],"collection":[{"href":"https:\/\/blogs.eldiariomontanes.es\/polvo-callejero\/wp-json\/wp\/v2\/posts"}],"about":[{"href":"https:\/\/blogs.eldiariomontanes.es\/polvo-callejero\/wp-json\/wp\/v2\/types\/post"}],"author":[{"embeddable":true,"href":"https:\/\/blogs.eldiariomontanes.es\/polvo-callejero\/wp-json\/wp\/v2\/users\/2"}],"replies":[{"embeddable":true,"href":"https:\/\/blogs.eldiariomontanes.es\/polvo-callejero\/wp-json\/wp\/v2\/comments?post=15"}],"version-history":[{"count":0,"href":"https:\/\/blogs.eldiariomontanes.es\/polvo-callejero\/wp-json\/wp\/v2\/posts\/15\/revisions"}],"wp:attachment":[{"href":"https:\/\/blogs.eldiariomontanes.es\/polvo-callejero\/wp-json\/wp\/v2\/media?parent=15"}],"wp:term":[{"taxonomy":"category","embeddable":true,"href":"https:\/\/blogs.eldiariomontanes.es\/polvo-callejero\/wp-json\/wp\/v2\/categories?post=15"},{"taxonomy":"post_tag","embeddable":true,"href":"https:\/\/blogs.eldiariomontanes.es\/polvo-callejero\/wp-json\/wp\/v2\/tags?post=15"}],"curies":[{"name":"wp","href":"https:\/\/api.w.org\/{rel}","templated":true}]}}