{"id":13,"date":"2009-02-27T12:27:32","date_gmt":"2009-02-27T12:27:32","guid":{"rendered":"http:\/\/blogs.eldiariomontanes.es\/polvo-callejero\/?p=13"},"modified":"2009-02-27T12:27:32","modified_gmt":"2009-02-27T12:27:32","slug":"barro-verde-gris-y-lluvia","status":"publish","type":"post","link":"https:\/\/blogs.eldiariomontanes.es\/polvo-callejero\/2009\/02\/27\/barro-verde-gris-y-lluvia\/","title":{"rendered":"Barro, verde, gris y lluvia"},"content":{"rendered":"\n<p class=\"estiloTEXTO\" align=\"justify\">\n<hr>\n<p> Polvo somos y en polvo nos convertiremos. Reflexiono sobre este asunto con mi  compa\u00f1era de mesa, Rosa Ruiz. E interviene el veterano experto en vacas, campos  y ferias ganaderas, Jes\u00fas P. del R\u00edo, vecino de Pontejos: \u00abno habl\u00e9is de polvos,  sino de barro\u00bb. Nos desconcierta, pero aclara: \u00abdesde San Lucas, el 19 de  octubre, no ha dejado de llover. Hay barro por todas partes\u00bb. No se habla de  otra cosa en el autob\u00fas, como sabe muy bien Donata Bustamante, nuestra veterana  periodista, usuaria habitual del transporte colectivo. He comenzado hablando de  santos y sigo con ellos y con apellidos &#8220;santeros&#8221;. Entre nosotros hay varios:  Jos\u00e9 Ram\u00f3n San Juan y Alberto Santamar\u00eda, redactores jefe; y Teo San Jos\u00e9 y  Violeta Santiago, redactores.<br \/>\nEl asunto de los nombres y apellidos es  interesante de comentar. Apellidos de colores: Jaime Blanco, senador por  Cantabria y presidente de la Comisi\u00f3n de Defensa del Senado; Jos\u00e9 Carlos Rojo,  joven periodista santanderino, colaborador de EL DIARIO MONTA\u00d1\u00c9S; Vanessa Verde  y Marcos Bermejo, periodistas; Juan Gris, el gran pintor espa\u00f1ol; el doctor  Rosado, Diego Negro, alumno de Los Agustinos; Manuel Pardo, veterano abogado  c\u00e1ntabro; Ra\u00fal Amarilla, el ex jugador racinguista de origen paraguayo; Divar  Dorado, otro ex jugador de f\u00fatbol; Marina Casta\u00f1o, la viuda de Camilo Jos\u00e9 Cela  y Jos\u00e9 Mar\u00eda Rodr\u00edguez Colorado, ex director general de la Polic\u00eda. Y hay  Negrete, Bocanegra, Villaverde&#8230; La m\u00e1s famosa es la Pantera Rosa. En una aldea  de Cuzco (Per\u00fa), hay un ni\u00f1o que se llama Megabal, nombre formado por las  primeras letras de los nombres de los Reyes Magos MElchor, GAspar y BALtasar .  No es una invenci\u00f3n m\u00eda, le conoci\u00f3 Mar\u00eda Jes\u00fas Puente, profesora del colegio  Lupasco, de Santander. Estoy estos d\u00edas enfrascado en lecturas de vida de Reyes  y Reinas de Espa\u00f1a y me propongo contarles chismes. La amante de Alfonso XII, la  cantante de \u00f3pera Elena Sanz, ten\u00eda unos ojos \u00abnegros e insondables cual dos  abismos que llevan a la muerte y al amor\u00bb, seg\u00fan descripci\u00f3n de Emilio Castelar.  Estando liado don Alfonso con la cantante (con quien tuvo varios hijos) se cas\u00f3  con la archiduquesa Mar\u00eda Cristina de Austria, a quien conoci\u00f3 poco antes de la  boda en un encuentro concertado en Arcachon (Francia) a cuya cita acudi\u00f3 el Rey  con el marqu\u00e9s de Torrelavega). La nodriza de su primer hijo (con la Reina) fue  la pasiega Mar\u00eda Lastra, con un sueldo de 12.000 reales  anuales.<\/p>\n<p>jcflores@eldiariomontanes.es<\/p>\n<!-- AddThis Advanced Settings generic via filter on the_content --><!-- AddThis Share Buttons generic via filter on the_content -->","protected":false},"excerpt":{"rendered":"<p>Polvo somos y en polvo nos convertiremos. Reflexiono sobre este asunto con mi compa\u00f1era de mesa, Rosa Ruiz. E interviene el veterano experto en vacas, campos y ferias ganaderas, Jes\u00fas P. del R\u00edo, vecino de Pontejos: \u00abno habl\u00e9is de polvos, sino de barro\u00bb. Nos desconcierta, pero aclara: \u00abdesde San Lucas, el 19 de octubre, no [&hellip;]<!-- AddThis Advanced Settings generic via filter on get_the_excerpt --><!-- AddThis Share Buttons generic via filter on get_the_excerpt --><\/p>\n","protected":false},"author":2,"featured_media":0,"comment_status":"open","ping_status":"closed","sticky":false,"template":"","format":"standard","meta":[],"categories":[2],"tags":[],"_links":{"self":[{"href":"https:\/\/blogs.eldiariomontanes.es\/polvo-callejero\/wp-json\/wp\/v2\/posts\/13"}],"collection":[{"href":"https:\/\/blogs.eldiariomontanes.es\/polvo-callejero\/wp-json\/wp\/v2\/posts"}],"about":[{"href":"https:\/\/blogs.eldiariomontanes.es\/polvo-callejero\/wp-json\/wp\/v2\/types\/post"}],"author":[{"embeddable":true,"href":"https:\/\/blogs.eldiariomontanes.es\/polvo-callejero\/wp-json\/wp\/v2\/users\/2"}],"replies":[{"embeddable":true,"href":"https:\/\/blogs.eldiariomontanes.es\/polvo-callejero\/wp-json\/wp\/v2\/comments?post=13"}],"version-history":[{"count":0,"href":"https:\/\/blogs.eldiariomontanes.es\/polvo-callejero\/wp-json\/wp\/v2\/posts\/13\/revisions"}],"wp:attachment":[{"href":"https:\/\/blogs.eldiariomontanes.es\/polvo-callejero\/wp-json\/wp\/v2\/media?parent=13"}],"wp:term":[{"taxonomy":"category","embeddable":true,"href":"https:\/\/blogs.eldiariomontanes.es\/polvo-callejero\/wp-json\/wp\/v2\/categories?post=13"},{"taxonomy":"post_tag","embeddable":true,"href":"https:\/\/blogs.eldiariomontanes.es\/polvo-callejero\/wp-json\/wp\/v2\/tags?post=13"}],"curies":[{"name":"wp","href":"https:\/\/api.w.org\/{rel}","templated":true}]}}