{"id":773,"date":"2019-01-13T08:51:22","date_gmt":"2019-01-13T07:51:22","guid":{"rendered":"https:\/\/blogs.eldiariomontanes.es\/llamazaresensutinta\/?p=773"},"modified":"2019-02-21T08:58:41","modified_gmt":"2019-02-21T07:58:41","slug":"devaluar-la-politica","status":"publish","type":"post","link":"https:\/\/blogs.eldiariomontanes.es\/llamazaresensutinta\/2019\/01\/13\/devaluar-la-politica\/","title":{"rendered":"Devaluar la pol\u00edtica"},"content":{"rendered":"<p>La flamante candidata por el PP a presidirnos durante cuatro a\u00f1os acaba de cometer su primer desliz ante la prensa y se ha llevado el chorreo medi\u00e1tico y cibern\u00e9tico de rigor. No ser\u00e1 el \u00faltimo, ni el desliz ni el chorreo. Desde luego que pronto la experiencia le ense\u00f1ar\u00e1 que los galones hay que llevarlos de otra manera, pero tampoco hay que preocuparse demasiado. \u00bfO es que alguien cre\u00eda que la hab\u00edan colocado de cabeza de lista por su brillante oratoria o la consistencia de su programa electoral?<\/p>\n<p>A los mandamases de su partido en Madrid, que son los que la han nombrado a dedo, probablemente les importa bastante poco todo el cachondeo de estos d\u00edas. En realidad, cuanto m\u00e1s la abrasen, mejor. A fin de cuentas, las cr\u00edticas, por mordaces o atinadas que resulten, vienen desde la otra trinchera, de los que jam\u00e1s se plantear\u00edan votar por ella, y mucho menos por las siglas que representa. Y cuanto m\u00e1s la aticen, m\u00e1s simpat\u00edas despertar\u00e1 entre su electorado esta m\u00e1rtir de la causa. Si es que est\u00e1n contra ella, y total s\u00f3lo por liarse un poquillo con el castellano. \u00a1Que hablar en p\u00fablico es muy dif\u00edcil, oiga! Y menos mal que no dijo \u2018personas humanas\u2019. Al final, ha salido en todos los noticiarios y ha sido la comidilla de las redes sociales, as\u00ed que probablemente la jugada de marketing electoral est\u00e1 m\u00e1s que amortizada.<\/p>\n<p>El problema de todo esto que el inmenso dedazo de Pablo Casado nos est\u00e1 dejando claro lo que le importa Cantabria, que o bien va a ser gobernada digitalmente desde la madrile\u00f1a calle G\u00e9nova, o bien quedar\u00e1 a merced de las decisiones de Ruth Beitia, que no es exactamente una debutante en pol\u00edtica, pero desde luego tampoco es que le sobren muchas tablas.<\/p>\n<p>Pero a Casado hay que entenderlo: \u00bfc\u00f3mo iba a competir en las pr\u00f3ximas elecciones contra Felisuco y Revilla? Vista la consideraci\u00f3n que la competencia tiene de nosotros como votantes, no ten\u00eda sentido tomar partido en las guerras fratricidas entre las distintas familias populares. Mucho m\u00e1s sencillo es tomar esta decisi\u00f3n salom\u00f3nica. Si, total, al final los votos los van a pescar en el caladero de siempre. \u00bfPara qu\u00e9 poner a un pol\u00edtico con conocimientos, con discurso, con ideas? Sobre todo, pudiendo poner en su lugar a un famoso. Ya nos lo hab\u00eda contado hace d\u00e9cadas Eddie Murphy, cuando en \u2018Su distinguida se\u00f1or\u00eda\u2019 fallece un candidato al Congreso y un buscavidas con el mismo nombre gana su esca\u00f1o usando el eslogan: \u00abVota por Jeff Johnson, el nombre que ya conoces\u00bb.<\/p>\n<p>Pens\u00e1bamos que est\u00e1n excentricidades eran cosa de los americanos, pero si ellos encumbraron a Schwarzenegger mejor ni imaginarse c\u00f3mo podemos acabar aqu\u00ed. Porque cualquier d\u00eda alg\u00fan asesor mirar\u00e1 los \u00edndices de audiencia y los parlamentos espa\u00f1oles acabar\u00e1n pareciendo una versi\u00f3n de S\u00e1lvame y Gran Hermano VIP. Y, encima, con nuestros votos.<\/p>\n<!-- AddThis Advanced Settings generic via filter on the_content --><!-- AddThis Share Buttons generic via filter on the_content -->","protected":false},"excerpt":{"rendered":"<p>La flamante candidata por el PP a presidirnos durante cuatro a\u00f1os acaba de cometer su primer desliz ante la prensa y se ha llevado el chorreo medi\u00e1tico y cibern\u00e9tico de rigor. No ser\u00e1 el \u00faltimo, ni el desliz ni el chorreo. Desde luego que pronto la experiencia le ense\u00f1ar\u00e1 que los galones hay que llevarlos [&hellip;]<!-- AddThis Advanced Settings generic via filter on get_the_excerpt --><!-- AddThis Share Buttons generic via filter on get_the_excerpt --><\/p>\n","protected":false},"author":14,"featured_media":0,"comment_status":"open","ping_status":"closed","sticky":false,"template":"","format":"standard","meta":[],"categories":[6],"tags":[76,54],"_links":{"self":[{"href":"https:\/\/blogs.eldiariomontanes.es\/llamazaresensutinta\/wp-json\/wp\/v2\/posts\/773"}],"collection":[{"href":"https:\/\/blogs.eldiariomontanes.es\/llamazaresensutinta\/wp-json\/wp\/v2\/posts"}],"about":[{"href":"https:\/\/blogs.eldiariomontanes.es\/llamazaresensutinta\/wp-json\/wp\/v2\/types\/post"}],"author":[{"embeddable":true,"href":"https:\/\/blogs.eldiariomontanes.es\/llamazaresensutinta\/wp-json\/wp\/v2\/users\/14"}],"replies":[{"embeddable":true,"href":"https:\/\/blogs.eldiariomontanes.es\/llamazaresensutinta\/wp-json\/wp\/v2\/comments?post=773"}],"version-history":[{"count":1,"href":"https:\/\/blogs.eldiariomontanes.es\/llamazaresensutinta\/wp-json\/wp\/v2\/posts\/773\/revisions"}],"predecessor-version":[{"id":775,"href":"https:\/\/blogs.eldiariomontanes.es\/llamazaresensutinta\/wp-json\/wp\/v2\/posts\/773\/revisions\/775"}],"wp:attachment":[{"href":"https:\/\/blogs.eldiariomontanes.es\/llamazaresensutinta\/wp-json\/wp\/v2\/media?parent=773"}],"wp:term":[{"taxonomy":"category","embeddable":true,"href":"https:\/\/blogs.eldiariomontanes.es\/llamazaresensutinta\/wp-json\/wp\/v2\/categories?post=773"},{"taxonomy":"post_tag","embeddable":true,"href":"https:\/\/blogs.eldiariomontanes.es\/llamazaresensutinta\/wp-json\/wp\/v2\/tags?post=773"}],"curies":[{"name":"wp","href":"https:\/\/api.w.org\/{rel}","templated":true}]}}