{"id":762,"date":"2018-11-25T14:42:09","date_gmt":"2018-11-25T13:42:09","guid":{"rendered":"https:\/\/blogs.eldiariomontanes.es\/llamazaresensutinta\/?p=762"},"modified":"2019-02-20T14:46:42","modified_gmt":"2019-02-20T13:46:42","slug":"tipos-de-lujo","status":"publish","type":"post","link":"https:\/\/blogs.eldiariomontanes.es\/llamazaresensutinta\/2018\/11\/25\/tipos-de-lujo\/","title":{"rendered":"Tipos de lujo"},"content":{"rendered":"<p>Este viernes, desafiando al todopoderoso black friday \u2013\u00bfno es, tambi\u00e9n, una forma de dise\u00f1o, a su manera? Dise\u00f1o de mercadotecnia, vamos\u2013, se inaugur\u00f3 en el Palacete del Embarcadero una excelente muestra de que en Cantabria se dise\u00f1a mucho y muy bien. Como colof\u00f3n a \u2018Tipos\u2019, un certamen de dise\u00f1o gr\u00e1fico que incluye adem\u00e1s cursos y actividades paralelas, esta tercera edici\u00f3n se cierra con una exposici\u00f3n colectiva que supone una oportunidad que ni pintada para acercarse al trabajo de cuatro dise\u00f1adores de Cantabria capaces, cada uno en su \u00e1mbito, de situar al dise\u00f1o de la regi\u00f3n en la primera categor\u00eda nacional. Aqu\u00ed no hay ofertas de bajo coste, sino profesionales que se convierten en aut\u00e9nticos creadores. Pero vayamos por partes:<\/p>\n<p>PorEnde es el estudio gr\u00e1fico de Jes\u00fas Allende, un dise\u00f1ador m\u00e1s que curtido en el mundo editorial; licenciado en historia del arte, ha acercado el rom\u00e1nico al lector contempor\u00e1neo con la excepcional enciclopedia de la fundaci\u00f3n Santa Mar\u00eda la Real. Tambi\u00e9n es el responsable de algunas de las mejores cubiertas de libros c\u00e1ntabros: es el grafista de cabecera de la editorial Valnera.<\/p>\n<p>Sara Morante irrumpi\u00f3 hace una d\u00e9cada en el mundo del libro y en ese breve plazo se ha convertido en una de las ilustradoras m\u00e1s cotizadas del panorama nacional. Su estilo personal\u00edsimo ha convencido a editores y lectores pero, m\u00e1s all\u00e1 de lo depurado de su t\u00e9cnica, el secreto radica en su \u00edntima relaci\u00f3n con la literatura, que late en cada una de sus piezas. No en vano, es autora de una novela m\u00e1s que notable.<\/p>\n<p>En el \u00e1mbito musical, hace una d\u00e9cada que la imagen del Santander Festival \u2013el \u2018Summer\u2019 para los nost\u00e1lgicos\u2013 lleva el sello de Miguel Losada y su estudio Pizzicato. Le conoc\u00edamos por sus carteles espectaculares \u2013a buen seguro, mucho del \u00e9xito del festival se debe a la cuidad\u00edsima imagen, a la altura de los mejores eventos internacionales\u2013, pero con esta muestra descubrimos que su \u00e1mbito creativo abarca much\u00edsimo m\u00e1s que la m\u00fasica; basta con echar un vistazo a la tabla de surf sobre la que ha intervenido.<\/p>\n<p>Y el broche final lo pone Marc Gonz\u00e1lez Sala, el responsable de que las p\u00e1ginas del Diario no hagan m\u00e1s que llevarse premios en cert\u00e1menes nacionales de dise\u00f1o de prensa. Esta exposici\u00f3n nos descubre que, adem\u00e1s, es un poeta visual, en la l\u00ednea del mejor Brossa. Su obra \u2018Realidad\u2019 merecer\u00eda todo un cat\u00e1logo.<\/p>\n<p>Si esto fuera un proverbio chino, podr\u00edamos decir que uno no es escritor hasta que le ha ilustrado Sara un libro, le ha firmado una portada Jes\u00fas Allende, sale en un cartel de Miguel Losada y le ha maquetado un art\u00edculo en el Sotileza Marc Gonz\u00e1lez. Aunque m\u00e1s bien parece el sue\u00f1o de un bibli\u00f3filo, semejante p\u00f3quer. De lujo. El que suscribe, por el momento, todav\u00eda va por la pareja. Pero no renuncia a la esperanza de doblarla.<\/p>\n<!-- AddThis Advanced Settings generic via filter on the_content --><!-- AddThis Share Buttons generic via filter on the_content -->","protected":false},"excerpt":{"rendered":"<p>Este viernes, desafiando al todopoderoso black friday \u2013\u00bfno es, tambi\u00e9n, una forma de dise\u00f1o, a su manera? Dise\u00f1o de mercadotecnia, vamos\u2013, se inaugur\u00f3 en el Palacete del Embarcadero una excelente muestra de que en Cantabria se dise\u00f1a mucho y muy bien. Como colof\u00f3n a \u2018Tipos\u2019, un certamen de dise\u00f1o gr\u00e1fico que incluye adem\u00e1s cursos y [&hellip;]<!-- AddThis Advanced Settings generic via filter on get_the_excerpt --><!-- AddThis Share Buttons generic via filter on get_the_excerpt --><\/p>\n","protected":false},"author":14,"featured_media":0,"comment_status":"open","ping_status":"closed","sticky":false,"template":"","format":"standard","meta":[],"categories":[6],"tags":[76,113],"_links":{"self":[{"href":"https:\/\/blogs.eldiariomontanes.es\/llamazaresensutinta\/wp-json\/wp\/v2\/posts\/762"}],"collection":[{"href":"https:\/\/blogs.eldiariomontanes.es\/llamazaresensutinta\/wp-json\/wp\/v2\/posts"}],"about":[{"href":"https:\/\/blogs.eldiariomontanes.es\/llamazaresensutinta\/wp-json\/wp\/v2\/types\/post"}],"author":[{"embeddable":true,"href":"https:\/\/blogs.eldiariomontanes.es\/llamazaresensutinta\/wp-json\/wp\/v2\/users\/14"}],"replies":[{"embeddable":true,"href":"https:\/\/blogs.eldiariomontanes.es\/llamazaresensutinta\/wp-json\/wp\/v2\/comments?post=762"}],"version-history":[{"count":1,"href":"https:\/\/blogs.eldiariomontanes.es\/llamazaresensutinta\/wp-json\/wp\/v2\/posts\/762\/revisions"}],"predecessor-version":[{"id":763,"href":"https:\/\/blogs.eldiariomontanes.es\/llamazaresensutinta\/wp-json\/wp\/v2\/posts\/762\/revisions\/763"}],"wp:attachment":[{"href":"https:\/\/blogs.eldiariomontanes.es\/llamazaresensutinta\/wp-json\/wp\/v2\/media?parent=762"}],"wp:term":[{"taxonomy":"category","embeddable":true,"href":"https:\/\/blogs.eldiariomontanes.es\/llamazaresensutinta\/wp-json\/wp\/v2\/categories?post=762"},{"taxonomy":"post_tag","embeddable":true,"href":"https:\/\/blogs.eldiariomontanes.es\/llamazaresensutinta\/wp-json\/wp\/v2\/tags?post=762"}],"curies":[{"name":"wp","href":"https:\/\/api.w.org\/{rel}","templated":true}]}}