{"id":728,"date":"2018-10-07T08:49:34","date_gmt":"2018-10-07T06:49:34","guid":{"rendered":"https:\/\/blogs.eldiariomontanes.es\/llamazaresensutinta\/?p=728"},"modified":"2018-10-08T08:50:54","modified_gmt":"2018-10-08T06:50:54","slug":"miss-espana-plus","status":"publish","type":"post","link":"https:\/\/blogs.eldiariomontanes.es\/llamazaresensutinta\/2018\/10\/07\/miss-espana-plus\/","title":{"rendered":"Miss Espa\u00f1a Plus"},"content":{"rendered":"<p>No, no, nada de Plus Ultra ni otras veleidades patrias \u2013\u00abya nadie habla en lat\u00edn\u00bb, se lamentaba hace unos d\u00edas el cient\u00edfico F\u00e9lix Sangari, mientras se le escaba un \u2018O tempora! O mores!\u2019 de lo m\u00e1s ciceroniano\u2013; lo del plus en realidad es un pr\u00e9stamo del ingl\u00e9s para un certamen de belleza: Miss Plus Size. Es decir, para el m\u00e1s all\u00e1 de las tallas, sean estas L, XL o XXL; grande o extragrande; o todo lo que rebasa una treinta y cuatro, que uno no sabr\u00eda cubicar demasiado bien, pero que viene a ser la medida, m\u00e1s o menos, de los sacos de huesos.<\/p>\n<p>Lo del tallaje, por supuesto, est\u00e1 muy bien, porque el mundo es diverso y el paisanaje mucho m\u00e1s, y si nos vamos a poner dem\u00f3cratas c\u00f3mo no serlo con lo que cada cu\u00e1l quiera o pueda dar en la b\u00e1scula. Pero lo cierto es que tanto canon fam\u00e9lico estaba dando ya una grima espantosa. Que s\u00ed, que mola eso de estar esbelto, los cuerpos danone y mantener la l\u00ednea, pero sin pasarse de la raya. Que eso de que la belleza va por dentro, en muchos casos es la \u00fanica soluci\u00f3n, porque de enjutos que son algunos envoltorios, poco les puede caber en el interior.<\/p>\n<p>Probablemente, para ser maniqu\u00ed \u2013que es lo que en principio eran las modelos, mucho antes de que las idealiz\u00e1semos, las llev\u00e1semos a las portadas y los adolescentes empapelaran con ellas las paredes de su habitaci\u00f3n y las carpetas\u2013 cuanto m\u00e1s se parezca uno a una percha, mucho mejor. Mejor ca\u00edda, m\u00e1s l\u00ednea recta, m\u00e1s simetr\u00eda. Pero claro, lo de la belleza es otra cosa, otra bien distinta.<\/p>\n<p>El que mejor lo sab\u00eda era Adolfo Dom\u00ednguez, que ya en los ochenta se tir\u00f3 el rollo con aquello de \u00abLa arruga es bella\u00bb. Cuarenta a\u00f1os m\u00e1s tarde, sigue igual de convencido, sino m\u00e1s, pues ha vuelto a la carga con un nuevo eslogan, \u00abS\u00e9 m\u00e1s viejo\u00bb. Y poco importa que lo diga para vendernos trajes de lino o sol embotellado, porque un empresario capaz de publicar una oferta de empleo pidiendo un \u2018poeta\u2019 se merece m\u00e1s millones que Amancio, como poco.<\/p>\n<p>Arrugas y curvas, edad y kilos. \u00bfAcaso la belleza no radica en las imperfecciones? En \u2018Que se mueran los feos\u2019, la novela m\u00e1s alocada de Boris Vian \u2013y que nada tiene que ver con la canci\u00f3n de Los Sirex que versionara Loquillo, ni mucho menos con la peli de Nacho Velilla\u2013, el guapo protagonista acaba suspirando por una \u00e9mula de Quasimodo, convencido de que nos atrae lo que escasea. Craso error, ya le corrige el refranero con su \u00abm\u00e1s vale que sobre\u2026\u00bb; y si no, echen un vistazo al concurso de Miss Espa\u00f1a Plus Size, que se lo va a traer para Torrelavega Paula Coterillo. Una belleza rotunda, la de las mujeres de verdad. Las que no quieren ser mu\u00f1ecas.<\/p>\n<!-- AddThis Advanced Settings generic via filter on the_content --><!-- AddThis Share Buttons generic via filter on the_content -->","protected":false},"excerpt":{"rendered":"<p>No, no, nada de Plus Ultra ni otras veleidades patrias \u2013\u00abya nadie habla en lat\u00edn\u00bb, se lamentaba hace unos d\u00edas el cient\u00edfico F\u00e9lix Sangari, mientras se le escaba un \u2018O tempora! O mores!\u2019 de lo m\u00e1s ciceroniano\u2013; lo del plus en realidad es un pr\u00e9stamo del ingl\u00e9s para un certamen de belleza: Miss Plus Size. [&hellip;]<!-- AddThis Advanced Settings generic via filter on get_the_excerpt --><!-- AddThis Share Buttons generic via filter on get_the_excerpt --><\/p>\n","protected":false},"author":14,"featured_media":729,"comment_status":"open","ping_status":"closed","sticky":false,"template":"","format":"standard","meta":[],"categories":[6],"tags":[65],"_links":{"self":[{"href":"https:\/\/blogs.eldiariomontanes.es\/llamazaresensutinta\/wp-json\/wp\/v2\/posts\/728"}],"collection":[{"href":"https:\/\/blogs.eldiariomontanes.es\/llamazaresensutinta\/wp-json\/wp\/v2\/posts"}],"about":[{"href":"https:\/\/blogs.eldiariomontanes.es\/llamazaresensutinta\/wp-json\/wp\/v2\/types\/post"}],"author":[{"embeddable":true,"href":"https:\/\/blogs.eldiariomontanes.es\/llamazaresensutinta\/wp-json\/wp\/v2\/users\/14"}],"replies":[{"embeddable":true,"href":"https:\/\/blogs.eldiariomontanes.es\/llamazaresensutinta\/wp-json\/wp\/v2\/comments?post=728"}],"version-history":[{"count":1,"href":"https:\/\/blogs.eldiariomontanes.es\/llamazaresensutinta\/wp-json\/wp\/v2\/posts\/728\/revisions"}],"predecessor-version":[{"id":730,"href":"https:\/\/blogs.eldiariomontanes.es\/llamazaresensutinta\/wp-json\/wp\/v2\/posts\/728\/revisions\/730"}],"wp:featuredmedia":[{"embeddable":true,"href":"https:\/\/blogs.eldiariomontanes.es\/llamazaresensutinta\/wp-json\/wp\/v2\/media\/729"}],"wp:attachment":[{"href":"https:\/\/blogs.eldiariomontanes.es\/llamazaresensutinta\/wp-json\/wp\/v2\/media?parent=728"}],"wp:term":[{"taxonomy":"category","embeddable":true,"href":"https:\/\/blogs.eldiariomontanes.es\/llamazaresensutinta\/wp-json\/wp\/v2\/categories?post=728"},{"taxonomy":"post_tag","embeddable":true,"href":"https:\/\/blogs.eldiariomontanes.es\/llamazaresensutinta\/wp-json\/wp\/v2\/tags?post=728"}],"curies":[{"name":"wp","href":"https:\/\/api.w.org\/{rel}","templated":true}]}}