{"id":705,"date":"2018-09-24T16:47:20","date_gmt":"2018-09-24T14:47:20","guid":{"rendered":"https:\/\/blogs.eldiariomontanes.es\/llamazaresensutinta\/?p=705"},"modified":"2018-09-26T08:28:37","modified_gmt":"2018-09-26T06:28:37","slug":"mayoria-absoluta","status":"publish","type":"post","link":"https:\/\/blogs.eldiariomontanes.es\/llamazaresensutinta\/2018\/09\/24\/mayoria-absoluta\/","title":{"rendered":"Mayor\u00eda absoluta"},"content":{"rendered":"<p>\u2018<a href=\"https:\/\/youtu.be\/Sl8pMzfjfEA\" rel=\"external nofollow\">Todos los negritos tienen hambre y fr\u00edo<\/a>\u2019 sonaba por megafon\u00eda en Ellakuria antes del comienzo del partido. Pero de fr\u00edo nada, lo que toc\u00f3 a los aficionados verdiblancos fue tostarse ante la inusitada solana, porque la tribuna de sombra estaba reservada para una afici\u00f3n local que, o bien no compareci\u00f3, o bien era inexistente. Vamos, que si alg\u00fan visitante estaba dudando si hacerse o no de Llodio, ayer seguro que el calent\u00f3n le acab\u00f3 quitando las ganas.<\/p>\n<p>Y es que, m\u00e1s que un partido a domicilio, casi parec\u00eda uno de esos amistosos que el Racing juega en las pretemporadas, en un campo donde los racinguistas ganaban ya en la grada por mayor\u00eda, m\u00e1s que absoluta, aplastante. De no ser porque el rival ten\u00eda bastante m\u00e1s que decir que los de esos duelos descafeinados. Locuras una liga en la que la presencia de los equipos filiales enturbia sobremanera la competici\u00f3n.<\/p>\n<p>El Vitoria, sobre el papel \u2013por lo menos, el de las alienaciones que dan a la prensa\u2013 parec\u00eda capaz de todo, porque de un equipo que tiene en sus filas a Dios \u2013aunque se llame Jaime\u2013 y a un tal Mal\u00f3n \u2013\u00c1lex\u2013, puedes esperar cualquier cosa. Y as\u00ed fue, casi literalmente, porque Dios mare\u00f3 a nuestros defensas de tal manera que no haber mediado el primer gol, m\u00e1s de uno iba a so\u00f1ar con \u00e9l toda la semana. En concreto, un Bu\u00f1uel que entiende el f\u00fatbol de manera surrealista: como zaguero, es el mejor atacante. El discreto encanto de un futbolista nada burgu\u00e9s. Pero tambi\u00e9n de Nico Hidalgo, que ayud\u00f3 todo lo que pudo, pero hasta que no lleg\u00f3 la caballer\u00eda \u2013es decir, un Sergio Ruiz inconmensurable, al que incluso jale\u00f3 el p\u00fablico como si fuera un torero\u2013 la banda derecha fue una mina para el filial armero, que si encasquet\u00f3 una carrada de goles al Racing se debi\u00f3, en primer lugar, a la err\u00e1tica punter\u00eda de un delantero centro muy pinturero \u2013con planta de ala-pivot de los de antes, esos negros que ven\u00edan a la ACB de la NCAA\u2013 pero que de punter\u00eda anda m\u00e1s bien justito. M\u00e1s fino pareci\u00f3 Alain, aunque por fortuna tampoco acert\u00f3 a materializar las numerosas ocasiones que Dios, en su infinita bondad, le brind\u00f3 ayer por la tarde.<\/p>\n<p>Total, que el brillante cero a dos es un resultado enga\u00f1oso, al menos a medias, porque durante medio partido el Vitoria abrum\u00f3 a un Racing que tuvo una pegada descomunal \u2013y a un Figueras colosal, por cierto\u2013 y que demostr\u00f3 haber aprendido la lecci\u00f3n de Estella: dejar el juego bonito para el Sardinero, y luchar por los partidos con u\u00f1as y dientes. Tras el descanso, al Vitoria le pas\u00f3 lo que a la megafon\u00eda del Ellakuri, que se acab\u00f3 trabando en la canci\u00f3n de Los Secretos y ya no hubo manera de que la cosa funcionara. Sobre todo, porque el Racing se empe\u00f1\u00f3 en hacer un homenaje a Helenio Herrera demostrando, tras la expulsi\u00f3n de De Vicente por un calent\u00f3n, que juega mejor con diez que con once. O con nueve y medio, porque Jon Ander se qued\u00f3 buscando el gol del cojo, y la verdad es que por lo menos estorb\u00f3 al rival de lo lindo.<\/p>\n<p>En fin, que viendo c\u00f3mo sonr\u00ede la fortuna a un Iv\u00e1n Ania para el que todo es poco \u2013le expulsaron por piarla, y eso que ganaba cero a dos\u2013, este a\u00f1o seguro que subimos.<\/p>\n<!-- AddThis Advanced Settings generic via filter on the_content --><!-- AddThis Share Buttons generic via filter on the_content -->","protected":false},"excerpt":{"rendered":"<p>\u2018Todos los negritos tienen hambre y fr\u00edo\u2019 sonaba por megafon\u00eda en Ellakuria antes del comienzo del partido. Pero de fr\u00edo nada, lo que toc\u00f3 a los aficionados verdiblancos fue tostarse ante la inusitada solana, porque la tribuna de sombra estaba reservada para una afici\u00f3n local que, o bien no compareci\u00f3, o bien era inexistente. Vamos, [&hellip;]<!-- AddThis Advanced Settings generic via filter on get_the_excerpt --><!-- AddThis Share Buttons generic via filter on get_the_excerpt --><\/p>\n","protected":false},"author":14,"featured_media":707,"comment_status":"open","ping_status":"closed","sticky":false,"template":"","format":"standard","meta":[],"categories":[2],"tags":[58],"_links":{"self":[{"href":"https:\/\/blogs.eldiariomontanes.es\/llamazaresensutinta\/wp-json\/wp\/v2\/posts\/705"}],"collection":[{"href":"https:\/\/blogs.eldiariomontanes.es\/llamazaresensutinta\/wp-json\/wp\/v2\/posts"}],"about":[{"href":"https:\/\/blogs.eldiariomontanes.es\/llamazaresensutinta\/wp-json\/wp\/v2\/types\/post"}],"author":[{"embeddable":true,"href":"https:\/\/blogs.eldiariomontanes.es\/llamazaresensutinta\/wp-json\/wp\/v2\/users\/14"}],"replies":[{"embeddable":true,"href":"https:\/\/blogs.eldiariomontanes.es\/llamazaresensutinta\/wp-json\/wp\/v2\/comments?post=705"}],"version-history":[{"count":3,"href":"https:\/\/blogs.eldiariomontanes.es\/llamazaresensutinta\/wp-json\/wp\/v2\/posts\/705\/revisions"}],"predecessor-version":[{"id":713,"href":"https:\/\/blogs.eldiariomontanes.es\/llamazaresensutinta\/wp-json\/wp\/v2\/posts\/705\/revisions\/713"}],"wp:featuredmedia":[{"embeddable":true,"href":"https:\/\/blogs.eldiariomontanes.es\/llamazaresensutinta\/wp-json\/wp\/v2\/media\/707"}],"wp:attachment":[{"href":"https:\/\/blogs.eldiariomontanes.es\/llamazaresensutinta\/wp-json\/wp\/v2\/media?parent=705"}],"wp:term":[{"taxonomy":"category","embeddable":true,"href":"https:\/\/blogs.eldiariomontanes.es\/llamazaresensutinta\/wp-json\/wp\/v2\/categories?post=705"},{"taxonomy":"post_tag","embeddable":true,"href":"https:\/\/blogs.eldiariomontanes.es\/llamazaresensutinta\/wp-json\/wp\/v2\/tags?post=705"}],"curies":[{"name":"wp","href":"https:\/\/api.w.org\/{rel}","templated":true}]}}