{"id":648,"date":"2018-05-27T19:12:36","date_gmt":"2018-05-27T17:12:36","guid":{"rendered":"https:\/\/blogs.eldiariomontanes.es\/llamazaresensutinta\/?p=648"},"modified":"2018-08-20T19:20:56","modified_gmt":"2018-08-20T17:20:56","slug":"cuarenta-y-tantos","status":"publish","type":"post","link":"https:\/\/blogs.eldiariomontanes.es\/llamazaresensutinta\/2018\/05\/27\/cuarenta-y-tantos\/","title":{"rendered":"Cuarenta y tantos"},"content":{"rendered":"<p>Esta noche cumplo cuarenta y cinco, y en lugar de celebrarlo sopesando si ha habr\u00e1 pasado ya la mitad de mi vida, sondeando la profundidad de mi fracaso y todas esas tonter\u00edas t\u00edpicas, estoy haciendo compa\u00f1\u00eda a mi padre, al que le ha fallado tanto la salud que ahora su \u00fanica preocupaci\u00f3n es la Copa de Europa. S\u00f3lo falta mi hijo para completar el ciclo de tres Javieres, separados por exactamente veinticinco a\u00f1os. O quiz\u00e1s mucho m\u00e1s.<\/p>\n<p>Recuerdo que, cuando mi padre cumpli\u00f3 cuarenta y cinco, viv\u00edamos en planetas diferentes. <!--more-->O cada uno en una dimensi\u00f3n distinta. Mundos paralelos, porque jam\u00e1s llegaban a tocarse. Yo creo que si habl\u00e1ramos realmente de c\u00f3mo fue para nosotros 1993, tan s\u00f3lo coincidir\u00edamos en el paisaje y la climatolog\u00eda. O ni eso, por que \u00e9l ve\u00eda el mundo amaneciendo y yo anocheciendo. \u00c9l recuerda la crispaci\u00f3n y yo que el chunda chunda mat\u00f3 a la estrella de la radio.<\/p>\n<p>Lo realmente terrible es que los t\u00f3picos tengan raz\u00f3n, que el mundo nunca se detiene y que <em>la vida es una t\u00f3mbola, ton ton t\u00f3mbola<\/em>. Porque si pudiera verme con los ojos de mi hijo, no quiero ni pensar qu\u00e9 ver\u00eda. Claro que yo tampoco me parezco demasiado a mi versi\u00f3n adolescente, cuando tonte\u00e1bamos con la movida y la poes\u00eda, y llen\u00e1bamos nuestras carpetas de estudiantes con lemas como \u00abVive r\u00e1pido, muere joven y deja un bonito cad\u00e1ver\u00bb, o \u00abLa sabidur\u00eda me persigue, pero yo soy m\u00e1s r\u00e1pido\u00bb. Por fortuna, s\u00f3lo nos tomamos en serio la segunda m\u00e1xima.<\/p>\n<p>A\u00fan as\u00ed, veinticinco a\u00f1os no son nada, pero el mundo en el que yo crec\u00ed se ha desmoronado por completo. La triste herencia que les hemos dejado a nuestros hijos es la tecnoprecariedad, una sociedad salvaje y competitiva donde siempre hay alguien dispuesto a hacer tu trabajo mejor y por menos dinero. Y nos quej\u00e1bamos en los ochenta\u2026<\/p>\n<p>Mi hijo sue\u00f1a con dirigir pel\u00edculas, yo quer\u00eda ser una estrella de rock. La ilusi\u00f3n de mi padre era criar conejos en una granja de cultivos hidrop\u00f3nicos. Cada uno tiene los sue\u00f1os que le da la gana, por supuesto, y normalmente s\u00f3lo se parecen al final, cuando acaban hechos trizas.<\/p>\n<p>Quiz\u00e1s por eso cuando se nos empieza a escapar la juventud cada uno reacciona como puede: acaparando dinero, derroch\u00e1ndolo en coches llamativos, cambiando de vida, de pareja, de oficio, viajando a Turqu\u00eda para te implanten pelo\u2026 Y todo vale, porque llega un d\u00eda en que comprendes de verdad qu\u00e9 era aquello del \u2018carpe diem\u2019. A m\u00ed, por ejemplo, me ha llamado Juanma el del Cazurro para desempolvar las guitarras y jugar a ser los Ramones. Y aunque sigo teniendo dos manos izquierdas sin ser zurdo, y mi voz es poca, pero muy desagradable, me parece que voy a picar el anzuelo. Ya hasta se me ha ocurrido el nombre. Los Esp\u00e1is. S\u00f3lo nos falta el bater\u00eda, no os digo m\u00e1s.<\/p>\n<!-- AddThis Advanced Settings generic via filter on the_content --><!-- AddThis Share Buttons generic via filter on the_content -->","protected":false},"excerpt":{"rendered":"<p>Esta noche cumplo cuarenta y cinco, y en lugar de celebrarlo sopesando si ha habr\u00e1 pasado ya la mitad de mi vida, sondeando la profundidad de mi fracaso y todas esas tonter\u00edas t\u00edpicas, estoy haciendo compa\u00f1\u00eda a mi padre, al que le ha fallado tanto la salud que ahora su \u00fanica preocupaci\u00f3n es la Copa [&hellip;]<!-- AddThis Advanced Settings generic via filter on get_the_excerpt --><!-- AddThis Share Buttons generic via filter on get_the_excerpt --><\/p>\n","protected":false},"author":14,"featured_media":0,"comment_status":"open","ping_status":"closed","sticky":false,"template":"","format":"standard","meta":[],"categories":[6],"tags":[101],"_links":{"self":[{"href":"https:\/\/blogs.eldiariomontanes.es\/llamazaresensutinta\/wp-json\/wp\/v2\/posts\/648"}],"collection":[{"href":"https:\/\/blogs.eldiariomontanes.es\/llamazaresensutinta\/wp-json\/wp\/v2\/posts"}],"about":[{"href":"https:\/\/blogs.eldiariomontanes.es\/llamazaresensutinta\/wp-json\/wp\/v2\/types\/post"}],"author":[{"embeddable":true,"href":"https:\/\/blogs.eldiariomontanes.es\/llamazaresensutinta\/wp-json\/wp\/v2\/users\/14"}],"replies":[{"embeddable":true,"href":"https:\/\/blogs.eldiariomontanes.es\/llamazaresensutinta\/wp-json\/wp\/v2\/comments?post=648"}],"version-history":[{"count":1,"href":"https:\/\/blogs.eldiariomontanes.es\/llamazaresensutinta\/wp-json\/wp\/v2\/posts\/648\/revisions"}],"predecessor-version":[{"id":649,"href":"https:\/\/blogs.eldiariomontanes.es\/llamazaresensutinta\/wp-json\/wp\/v2\/posts\/648\/revisions\/649"}],"wp:attachment":[{"href":"https:\/\/blogs.eldiariomontanes.es\/llamazaresensutinta\/wp-json\/wp\/v2\/media?parent=648"}],"wp:term":[{"taxonomy":"category","embeddable":true,"href":"https:\/\/blogs.eldiariomontanes.es\/llamazaresensutinta\/wp-json\/wp\/v2\/categories?post=648"},{"taxonomy":"post_tag","embeddable":true,"href":"https:\/\/blogs.eldiariomontanes.es\/llamazaresensutinta\/wp-json\/wp\/v2\/tags?post=648"}],"curies":[{"name":"wp","href":"https:\/\/api.w.org\/{rel}","templated":true}]}}