{"id":572,"date":"2018-02-04T08:18:07","date_gmt":"2018-02-04T07:18:07","guid":{"rendered":"http:\/\/blogs.eldiariomontanes.es\/llamazaresensutinta\/?p=572"},"modified":"2018-02-05T14:19:21","modified_gmt":"2018-02-05T13:19:21","slug":"hologramas","status":"publish","type":"post","link":"https:\/\/blogs.eldiariomontanes.es\/llamazaresensutinta\/2018\/02\/04\/hologramas\/","title":{"rendered":"Hologramas"},"content":{"rendered":"<p><a href=\"https:\/\/static-blogs.eldiariomontanes.es\/wp-content\/uploads\/sites\/23\/2018\/02\/roy.jpg\"><img loading=\"lazy\" class=\"wp-image-574 alignleft\" src=\"https:\/\/static-blogs.eldiariomontanes.es\/wp-content\/uploads\/sites\/23\/2018\/02\/roy.jpg\" alt=\"roy\" width=\"275\" height=\"319\" srcset=\"https:\/\/static-blogs.eldiariomontanes.es\/wp-content\/uploads\/sites\/23\/2018\/02\/roy.jpg 495w, https:\/\/static-blogs.eldiariomontanes.es\/wp-content\/uploads\/sites\/23\/2018\/02\/roy-259x300.jpg 259w\" sizes=\"(max-width: 275px) 100vw, 275px\" \/><\/a>Parece ser que a Roy Orbison le han rescatado del m\u00e1s all\u00e1 para que vuelva a dar un par de conciertos treinta a\u00f1os despu\u00e9s de su muerte. Como al Cid Campeador, le van a sacar de gira en forma de holograma, con orquesta sinf\u00f3nica incluida. Todo por la pasta.<\/p>\n<p>Al pobre Roy le perseguir\u00eda la desgracia durante toda su vida, con tanta sa\u00f1a como el \u00e9xito p\u00f3stumamente; eclipsado por los Beatles, triunf\u00f3 a finales los ochenta con sus viejas canciones de los sesenta, aunque el verdadero apogeo no podr\u00eda disfrutarlo, porque cuando la banda sonora de \u2018Pretty Woman\u2019 le convirti\u00f3 en un icono inolvidable llevaba ya dos a\u00f1os en el limbo.<!--more--><\/p>\n<p>Sin embargo, no se hab\u00eda ido del todo, y esa tecnolog\u00eda que lo mismo fabrica duetos imposibles de Nat King Cole que singles in\u00e9ditos de Elvis Presley le va a llevar a llenar escenarios de nuevo, aunque de \u00e9l s\u00f3lo quede, en realidad, un leve rastro de luz que se desvanecer\u00e1 en cuanto se apaguen los focos.<\/p>\n<p>Lo del holograma tiene su gracia y seguro que llena auditorios, y apetece enseguida sacarle alguna aplicaci\u00f3n pr\u00e1ctica: un yo virtual que nos sustituya en el aula o en la oficina, que estudie o trabaje por nosotros. Una imagen que enviar a las cenas de compromiso, o incluso un perfecto sustituto que no se pone nervioso cuando pide una cita o tiene que pronunciar un discurso. Que aguante alguna bronca por nosotros. Si hubieran existido, yo habr\u00eda mandado uno a hacer la mili por m\u00ed, o lo enviar\u00eda este mi\u00e9rcoles al Ateneo a presentar mi nuevo libro. Y adem\u00e1s, mandar\u00eda a mi yo de 1992, que era mucho m\u00e1s result\u00f3n, delgadito y con m\u00e1s pelo.<\/p>\n<p>Pero esto de los hologramas no deja de tener su lado oscuro. Y es que, a poco que se pongan de moda, se nos va a volver todav\u00eda m\u00e1s dif\u00edcil distinguir cuando nos est\u00e1n dando gato por liebre, y encima aplaudamos por ello. Si pudieran, algunas figuras no se ir\u00edan nunca; los dictadores vivir\u00edan eternamente, los grandes empresarios no se jubilar\u00edan, y hasta en los campos de f\u00fatbol seguir\u00edamos viendo a Di St\u00e9fano y Kubala repitiendo una y otra vez la misma jugada.<\/p>\n<p>A todo nos acostumbramos: si hace cincuenta a\u00f1os nos aterraba pensar que el Gran Hermano pudiera vigilarnos, el plasma de Rajoy ya s\u00f3lo nos indign\u00f3 ligeramente. Y ahora, ni nos asombramos al pensar que un presidente, aunque sea de Catalu\u00f1a, pueda ser investido a distancia, y termine gobernando por videoconferencia, cuando no directamente por whatsapp. El poder se va volviendo impersonal, lo que hace m\u00e1s dif\u00edcil no s\u00f3lo identificarlo, sino sobre todo defenderse de \u00e9l.<\/p>\n<p>Pero en fin, poco va a importar si nuestra tendencia es convertirnos en hologramas, inmaculados e inalterables, concentrados tan s\u00f3lo en ofrecer una buena imagen, la mejor de las apariencias. Sin preocuparnos de en qu\u00e9 manos dejamos la realidad.<\/p>\n<!-- AddThis Advanced Settings generic via filter on the_content --><!-- AddThis Share Buttons generic via filter on the_content -->","protected":false},"excerpt":{"rendered":"<p>Parece ser que a Roy Orbison le han rescatado del m\u00e1s all\u00e1 para que vuelva a dar un par de conciertos treinta a\u00f1os despu\u00e9s de su muerte. Como al Cid Campeador, le van a sacar de gira en forma de holograma, con orquesta sinf\u00f3nica incluida. Todo por la pasta. Al pobre Roy le perseguir\u00eda la [&hellip;]<!-- AddThis Advanced Settings generic via filter on get_the_excerpt --><!-- AddThis Share Buttons generic via filter on get_the_excerpt --><\/p>\n","protected":false},"author":14,"featured_media":0,"comment_status":"open","ping_status":"closed","sticky":false,"template":"","format":"standard","meta":[],"categories":[6],"tags":[],"_links":{"self":[{"href":"https:\/\/blogs.eldiariomontanes.es\/llamazaresensutinta\/wp-json\/wp\/v2\/posts\/572"}],"collection":[{"href":"https:\/\/blogs.eldiariomontanes.es\/llamazaresensutinta\/wp-json\/wp\/v2\/posts"}],"about":[{"href":"https:\/\/blogs.eldiariomontanes.es\/llamazaresensutinta\/wp-json\/wp\/v2\/types\/post"}],"author":[{"embeddable":true,"href":"https:\/\/blogs.eldiariomontanes.es\/llamazaresensutinta\/wp-json\/wp\/v2\/users\/14"}],"replies":[{"embeddable":true,"href":"https:\/\/blogs.eldiariomontanes.es\/llamazaresensutinta\/wp-json\/wp\/v2\/comments?post=572"}],"version-history":[{"count":2,"href":"https:\/\/blogs.eldiariomontanes.es\/llamazaresensutinta\/wp-json\/wp\/v2\/posts\/572\/revisions"}],"predecessor-version":[{"id":575,"href":"https:\/\/blogs.eldiariomontanes.es\/llamazaresensutinta\/wp-json\/wp\/v2\/posts\/572\/revisions\/575"}],"wp:attachment":[{"href":"https:\/\/blogs.eldiariomontanes.es\/llamazaresensutinta\/wp-json\/wp\/v2\/media?parent=572"}],"wp:term":[{"taxonomy":"category","embeddable":true,"href":"https:\/\/blogs.eldiariomontanes.es\/llamazaresensutinta\/wp-json\/wp\/v2\/categories?post=572"},{"taxonomy":"post_tag","embeddable":true,"href":"https:\/\/blogs.eldiariomontanes.es\/llamazaresensutinta\/wp-json\/wp\/v2\/tags?post=572"}],"curies":[{"name":"wp","href":"https:\/\/api.w.org\/{rel}","templated":true}]}}