{"id":562,"date":"2018-01-25T18:19:41","date_gmt":"2018-01-25T17:19:41","guid":{"rendered":"http:\/\/blogs.eldiariomontanes.es\/llamazaresensutinta\/?p=562"},"modified":"2018-01-29T14:50:56","modified_gmt":"2018-01-29T13:50:56","slug":"puigdemont-y-la-peluca-de-carrillo","status":"publish","type":"post","link":"https:\/\/blogs.eldiariomontanes.es\/llamazaresensutinta\/2018\/01\/25\/puigdemont-y-la-peluca-de-carrillo\/","title":{"rendered":"Puigdemont y la peluca de Carrillo"},"content":{"rendered":"<p><a href=\"https:\/\/static-blogs.eldiariomontanes.es\/wp-content\/uploads\/sites\/23\/2018\/01\/pelucaCarrillo.jpg\"><img loading=\"lazy\" class=\"alignleft  wp-image-563\" src=\"https:\/\/static-blogs.eldiariomontanes.es\/wp-content\/uploads\/sites\/23\/2018\/01\/pelucaCarrillo.jpg\" alt=\"pelucacarrillo\" width=\"251\" height=\"322\" srcset=\"https:\/\/static-blogs.eldiariomontanes.es\/wp-content\/uploads\/sites\/23\/2018\/01\/pelucaCarrillo.jpg 319w, https:\/\/static-blogs.eldiariomontanes.es\/wp-content\/uploads\/sites\/23\/2018\/01\/pelucaCarrillo-234x300.jpg 234w\" sizes=\"(max-width: 251px) 100vw, 251px\" \/><\/a>Ante la amenaza m\u00e1s que evidente de que el ex President Puigdemont se cuele en el pa\u00eds de tapadillo para volver a ser President, el gobierno ha decidido extremar las precauciones, que es algo as\u00ed como rascarse el bajo vientre cuando uno tiene tos. Con su habilidad incomparable para la chapuza, nuestros gobernantes acaban de descubrir que, si consigue acceder al Parlament, no habr\u00e1 manera de evitar la reinvestidura del depuesto Puigdemont, porque la justicia espa\u00f1ola es mucho m\u00e1s lenta que justa, y lo \u2018ejecutivo\u2019 del poder pol\u00edtico es m\u00e1s te\u00f3rico que literal.<\/p>\n<p>As\u00ed que la soluci\u00f3n propuesta es m\u00e1s vistosa que eficaz: peinar la frontera para que al gironino no se le ocurra cruzar por La Junquera. Y para que veamos lo en serio que se lo toman las autoridades, en las im\u00e1genes que pasan por televisi\u00f3n vemos como la polic\u00eda incluso levanta las tapas del alcantarillado, como si en lugar de a un pol\u00edtico d\u00edscolo buscaran a una rata de cloaca.<!--more--><\/p>\n<p>Y todo ese parip\u00e9, \u00bfpara qu\u00e9? A poco que le asesore cualquier inmigrante, seguro que encuentra forma de volver a casa. Con que se d\u00e9 un paseo hasta Ir\u00fan, asunto resuelto. Pero si no quiere ir m\u00e1s lejos, seguro que hay manera de regresar, por mucho que controlen tierra, mar y aire.<\/p>\n<p>Se me ocurre, por ejemplo, que emule uno de los episodios m\u00e1s tronchantes de la transici\u00f3n: la peluca de Santiago Carrillo. El enemigo p\u00fablico n\u00famero uno del franquismo hac\u00eda muchos a\u00f1os ya que luc\u00eda un peinado de bola de billar cuando en 1976 intent\u00f3 entrar clandestinamente en Espa\u00f1a. Para despistar a la polic\u00eda, a la \u2018inteligencia\u2019 comunista se le ocurri\u00f3 una argucia que parece sacada de un tebeo de Ib\u00e1\u00f1ez: ponerle peluca. No le sirvi\u00f3 de mucho, porque le detuvieron enseguida, pero hay que reconocer que en las fotos, sin gafas y con las ondas al viento, parec\u00eda otro. Aunque igual era porque, como no lo hac\u00eda a menudo, cuando sonre\u00eda no hab\u00eda quien lo reconociera.<\/p>\n<p>En el caso de Puigdemont, un cambio de \u2018luc\u2019 podr\u00eda resultar definitivo. Porque lo que la polic\u00eda busca por las alcantarillas es al quinto beatle, con lazo amarillo. As\u00ed que lo suyo ser\u00eda que Carles se presentara a uno de esos programas de mediod\u00eda, en los que unos estilistas supuestamente a la \u00faltima te cambian la imagen en un abrir y cerrar de ojos. Pero vamos, que con agenciarse una chupa de cuero y cambiar el flequillo por un tup\u00e9 engominado, a lo Travolta, caso resuelto. O unas rastas y un ch\u00e1ndal ra\u00eddo, si quiere hacerse pasar por un diputado modernete. Aunque lo mismo da, que da lo mismo: si quiere colarse, lo har\u00e1 sin despeinarse. Claro, con ese pelazo, qui\u00e9n no\u2026<\/p>\n<!-- AddThis Advanced Settings generic via filter on the_content --><!-- AddThis Share Buttons generic via filter on the_content -->","protected":false},"excerpt":{"rendered":"<p>Ante la amenaza m\u00e1s que evidente de que el ex President Puigdemont se cuele en el pa\u00eds de tapadillo para volver a ser President, el gobierno ha decidido extremar las precauciones, que es algo as\u00ed como rascarse el bajo vientre cuando uno tiene tos. Con su habilidad incomparable para la chapuza, nuestros gobernantes acaban de [&hellip;]<!-- AddThis Advanced Settings generic via filter on get_the_excerpt --><!-- AddThis Share Buttons generic via filter on get_the_excerpt --><\/p>\n","protected":false},"author":14,"featured_media":0,"comment_status":"open","ping_status":"closed","sticky":false,"template":"","format":"standard","meta":[],"categories":[6],"tags":[77],"_links":{"self":[{"href":"https:\/\/blogs.eldiariomontanes.es\/llamazaresensutinta\/wp-json\/wp\/v2\/posts\/562"}],"collection":[{"href":"https:\/\/blogs.eldiariomontanes.es\/llamazaresensutinta\/wp-json\/wp\/v2\/posts"}],"about":[{"href":"https:\/\/blogs.eldiariomontanes.es\/llamazaresensutinta\/wp-json\/wp\/v2\/types\/post"}],"author":[{"embeddable":true,"href":"https:\/\/blogs.eldiariomontanes.es\/llamazaresensutinta\/wp-json\/wp\/v2\/users\/14"}],"replies":[{"embeddable":true,"href":"https:\/\/blogs.eldiariomontanes.es\/llamazaresensutinta\/wp-json\/wp\/v2\/comments?post=562"}],"version-history":[{"count":1,"href":"https:\/\/blogs.eldiariomontanes.es\/llamazaresensutinta\/wp-json\/wp\/v2\/posts\/562\/revisions"}],"predecessor-version":[{"id":564,"href":"https:\/\/blogs.eldiariomontanes.es\/llamazaresensutinta\/wp-json\/wp\/v2\/posts\/562\/revisions\/564"}],"wp:attachment":[{"href":"https:\/\/blogs.eldiariomontanes.es\/llamazaresensutinta\/wp-json\/wp\/v2\/media?parent=562"}],"wp:term":[{"taxonomy":"category","embeddable":true,"href":"https:\/\/blogs.eldiariomontanes.es\/llamazaresensutinta\/wp-json\/wp\/v2\/categories?post=562"},{"taxonomy":"post_tag","embeddable":true,"href":"https:\/\/blogs.eldiariomontanes.es\/llamazaresensutinta\/wp-json\/wp\/v2\/tags?post=562"}],"curies":[{"name":"wp","href":"https:\/\/api.w.org\/{rel}","templated":true}]}}