{"id":557,"date":"2017-12-24T13:44:59","date_gmt":"2017-12-24T12:44:59","guid":{"rendered":"http:\/\/blogs.eldiariomontanes.es\/llamazaresensutinta\/?p=557"},"modified":"2018-01-29T13:50:27","modified_gmt":"2018-01-29T12:50:27","slug":"el-museo-de-salvador","status":"publish","type":"post","link":"https:\/\/blogs.eldiariomontanes.es\/llamazaresensutinta\/2017\/12\/24\/el-museo-de-salvador\/","title":{"rendered":"El museo de Salvador"},"content":{"rendered":"<p><a href=\"https:\/\/static-blogs.eldiariomontanes.es\/wp-content\/uploads\/sites\/23\/2018\/01\/museo.jpg\"><img loading=\"lazy\" class=\"alignleft size-medium wp-image-558\" src=\"https:\/\/static-blogs.eldiariomontanes.es\/wp-content\/uploads\/sites\/23\/2018\/01\/museo-300x164.jpg\" alt=\"museo\" width=\"300\" height=\"164\" srcset=\"https:\/\/static-blogs.eldiariomontanes.es\/wp-content\/uploads\/sites\/23\/2018\/01\/museo-300x164.jpg 300w, https:\/\/static-blogs.eldiariomontanes.es\/wp-content\/uploads\/sites\/23\/2018\/01\/museo.jpg 697w\" sizes=\"(max-width: 300px) 100vw, 300px\" \/><\/a>Lo peor que le puede pasar a un museo es que se le quemen los fondos. Lo peor con diferencia, porque casi todo lo dem\u00e1s puede tener arreglo, pero el fuego aplicado a cualquier colecci\u00f3n puede ser cualquier cosa menos purificador.<\/p>\n<p>En Santander ha ardido el MAS, y el incendio ha hecho correr r\u00edos de tinta, pero todav\u00eda no hemos o\u00eddo a nadie lamentarse diciendo \u00abse nos ha quemado el Museo\u00bb. Muy pocos ciudadanos consideran que sea suyo y, a la larga, la indiferencia termina siendo m\u00e1s destructiva que las llamas.<\/p>\n<p>Hace dos d\u00e9cadas, Santander ten\u00eda un apacible Museo de Bellas Artes que tampoco era para presumir, pero se las apa\u00f1aba con su colecci\u00f3n de paisajistas c\u00e1ntabros, con un fondo m\u00e1s que digno de Pancho Coss\u00edo y Mar\u00eda Blanchard\u2026 y el Goya. <!--more-->Un Goya m\u00e1s bien menor, de encargo y con pol\u00e9mica, pero un Goya, nada menos. Al fin y al cabo, durante medio siglo ha sido el aut\u00e9ntico reclamo del museo, el motivo del noventa por ciento de las visitas.<\/p>\n<p>Desde el incendio, a Salvador Carretero le est\u00e1 cayendo encima lo que no est\u00e1 escrito. Y tendr\u00e1 que asumir su responsabilidad, pero tambi\u00e9n deber\u00edamos valorar en su justa medida sus esfuerzos por modernizar el Museo, a base sobre todo de imaginaci\u00f3n. Porque durante los diez a\u00f1os de oscura crisis no han dejado de programarse actividades, de presentar nuevos creadores, y sin apenas recursos. En tres a\u00f1os su presupuesto se reducir\u00eda en un noventa por ciento, y dirigir un museo en esas condiciones es tambi\u00e9n una forma de arte. Por ejemplo, la decisi\u00f3n de abrir las puertas a los coleccionistas privados, m\u00e1s que una soluci\u00f3n de emergencia, result\u00f3 un gran acierto.<\/p>\n<p>Si valoramos los resultados a partir de los recursos disponibles, hay que reconocer que Carretero llev\u00f3 el museo al siglo XXI, con un buen nivel art\u00edstico. Sin embargo, no supo dar con la tecla del \u00e9xito, esa que lleva al p\u00fablico masivamente a centros como el Musac o el IVAM. Tan s\u00f3lo lo logr\u00f3 con propuestas m\u00e1s comerciales, pero alejadas del arte m\u00e1s actual; la exposici\u00f3n \u2018Vinilos\u2019, por ejemplo.<\/p>\n<p>Sin embargo, dos d\u00e9cadas para un cargo directivo son una aut\u00e9ntica eternidad, y propician que m\u00e1s que el Museo de Santander, se haya convertido en el \u2018Museo de Salvador Carretero\u2019, construido a su imagen y semejanza. El incendio, a fin de cuentas, no deja de ser un accidente; tr\u00e1gico, pero un accidente. Pero tal vez haya llegado el momento de que el conservador actual pase a un segundo plano y, como sucede con la Biblioteca Nacional y otras instituciones, se renueve la direcci\u00f3n. Empezando por ese patronato que parece venir de la mano de Godot.<\/p>\n<p>Pero que nadie se llame a enga\u00f1o: no se trata de cambiar de nombres \u2013porque no han tardado en saltar aquellos que quieren \u00abser califa en lugar del califa\u00bb\u2013. Si no cambia la actitud del ayuntamiento, seguir\u00e1 vac\u00edo. Por muchos nombres rimbombantes que quieran ponerle.<\/p>\n<!-- AddThis Advanced Settings generic via filter on the_content --><!-- AddThis Share Buttons generic via filter on the_content -->","protected":false},"excerpt":{"rendered":"<p>Lo peor que le puede pasar a un museo es que se le quemen los fondos. Lo peor con diferencia, porque casi todo lo dem\u00e1s puede tener arreglo, pero el fuego aplicado a cualquier colecci\u00f3n puede ser cualquier cosa menos purificador. En Santander ha ardido el MAS, y el incendio ha hecho correr r\u00edos de [&hellip;]<!-- AddThis Advanced Settings generic via filter on get_the_excerpt --><!-- AddThis Share Buttons generic via filter on get_the_excerpt --><\/p>\n","protected":false},"author":14,"featured_media":0,"comment_status":"open","ping_status":"closed","sticky":false,"template":"","format":"standard","meta":[],"categories":[6],"tags":[81],"_links":{"self":[{"href":"https:\/\/blogs.eldiariomontanes.es\/llamazaresensutinta\/wp-json\/wp\/v2\/posts\/557"}],"collection":[{"href":"https:\/\/blogs.eldiariomontanes.es\/llamazaresensutinta\/wp-json\/wp\/v2\/posts"}],"about":[{"href":"https:\/\/blogs.eldiariomontanes.es\/llamazaresensutinta\/wp-json\/wp\/v2\/types\/post"}],"author":[{"embeddable":true,"href":"https:\/\/blogs.eldiariomontanes.es\/llamazaresensutinta\/wp-json\/wp\/v2\/users\/14"}],"replies":[{"embeddable":true,"href":"https:\/\/blogs.eldiariomontanes.es\/llamazaresensutinta\/wp-json\/wp\/v2\/comments?post=557"}],"version-history":[{"count":1,"href":"https:\/\/blogs.eldiariomontanes.es\/llamazaresensutinta\/wp-json\/wp\/v2\/posts\/557\/revisions"}],"predecessor-version":[{"id":559,"href":"https:\/\/blogs.eldiariomontanes.es\/llamazaresensutinta\/wp-json\/wp\/v2\/posts\/557\/revisions\/559"}],"wp:attachment":[{"href":"https:\/\/blogs.eldiariomontanes.es\/llamazaresensutinta\/wp-json\/wp\/v2\/media?parent=557"}],"wp:term":[{"taxonomy":"category","embeddable":true,"href":"https:\/\/blogs.eldiariomontanes.es\/llamazaresensutinta\/wp-json\/wp\/v2\/categories?post=557"},{"taxonomy":"post_tag","embeddable":true,"href":"https:\/\/blogs.eldiariomontanes.es\/llamazaresensutinta\/wp-json\/wp\/v2\/tags?post=557"}],"curies":[{"name":"wp","href":"https:\/\/api.w.org\/{rel}","templated":true}]}}