{"id":414,"date":"2016-12-01T18:51:36","date_gmt":"2016-12-01T17:51:36","guid":{"rendered":"http:\/\/blogs.eldiariomontanes.es\/llamazaresensutinta\/?p=414"},"modified":"2016-12-01T18:51:36","modified_gmt":"2016-12-01T17:51:36","slug":"eduardo-mendoza-un-escritor-a-contracorriente","status":"publish","type":"post","link":"https:\/\/blogs.eldiariomontanes.es\/llamazaresensutinta\/2016\/12\/01\/eduardo-mendoza-un-escritor-a-contracorriente\/","title":{"rendered":"Eduardo Mendoza, un escritor a contracorriente"},"content":{"rendered":"<h1><a href=\"\/llamazaresensutinta\/wp-content\/uploads\/sites\/23\/2016\/12\/EduardoMendoza.jpg\"><img loading=\"lazy\" class=\"aligncenter size-full wp-image-415\" title=\"EduardoMendoza\" src=\"\/llamazaresensutinta\/wp-content\/uploads\/sites\/23\/2016\/12\/EduardoMendoza.jpg\" alt=\"\" width=\"647\" height=\"231\" srcset=\"https:\/\/static-blogs.eldiariomontanes.es\/wp-content\/uploads\/sites\/23\/2016\/12\/EduardoMendoza.jpg 647w, https:\/\/static-blogs.eldiariomontanes.es\/wp-content\/uploads\/sites\/23\/2016\/12\/EduardoMendoza-300x107.jpg 300w\" sizes=\"(max-width: 647px) 100vw, 647px\" \/><\/a><\/h1>\n<p>El <em>problema<\/em> de Mendoza siempre ha sido que le gusta ir a la contra. Que se le entendiera, cuando estaba de moda oscurecer el discurso y perderse en alardes estil\u00edsticos y otros fuegos de artificio. Recurrir al humor cuando todo el mundo quiere ponerse trascendente. Recuperar el realismo mientras los dem\u00e1s se pierden en experimentos vamos. Hablar de la realidad pol\u00edtica en un momento en que ya nadie se atrev\u00eda a hacerlo. Inventar la novela negra hist\u00f3rica y ser capaz de rescatar dos g\u00e9neros entonces marginales. Escribir en castellano pese a la presi\u00f3n asfixiante de las instituciones de su ciudad. O aguar la fiesta de una ciudad ol\u00edmpica removiendo un pasado no tan luminoso.<\/p>\n<p>A los manuales de literatura pasar\u00eda por una de sus primeras novelas, \u2018La verdad sobre el caso Savolta\u2019, de 1975, que inaugura la narrativa actual espa\u00f1ola y cierra el ciclo de la posguerra. Y el gran p\u00fablico se rendir\u00eda a sus encantos en 1983 con \u2018La ciudad de los prodigios\u2019, la gran novela de la Barcelona modernista. Una ciudad que, junto a Juan Mars\u00e9 y Manuel V\u00e1zquez Montalb\u00e1n, convirti\u00f3 en todo un tema literario.<\/p>\n<p>Para los lectores de mi generaci\u00f3n, sin embargo, el libro inici\u00e1tico ser\u00eda \u2018Sin noticias de Gurb\u2019. Hasta en sus obras m\u00e1s serias, Mendoza no reprime gui\u00f1os c\u00f3mplices e iron\u00eda de alto voltaje, pero con Gurb dio rienda suelta a su esp\u00edritu l\u00fadico y a una visi\u00f3n cr\u00edtica con la que radiograf\u00eda toda una sociedad a punto de sufrir su particular metamorfosis hacia la modernidad. Si Madrid hab\u00eda tenido su \u2018movida\u2019, Barcelona iba a ser el centro del mundo con sus juegos ol\u00edmpicos, y all\u00ed estaba para contarlo su extraterrestre con propensi\u00f3n a la disidencia.<\/p>\n<p>El Cervantes de Eduardo Mendoza premia tambi\u00e9n a una forma de entender la literatura como un espacio de libertad creativa, en la que la accesibilidad no est\u00e1 re\u00f1ido con el largo alcance y la capacidad de an\u00e1lisis.<\/p>\n<!-- AddThis Advanced Settings generic via filter on the_content --><!-- AddThis Share Buttons generic via filter on the_content -->","protected":false},"excerpt":{"rendered":"<p>El problema de Mendoza siempre ha sido que le gusta ir a la contra. Que se le entendiera, cuando estaba de moda oscurecer el discurso y perderse en alardes estil\u00edsticos y otros fuegos de artificio. Recurrir al humor cuando todo el mundo quiere ponerse trascendente. Recuperar el realismo mientras los dem\u00e1s se pierden en experimentos [&hellip;]<!-- AddThis Advanced Settings generic via filter on get_the_excerpt --><!-- AddThis Share Buttons generic via filter on get_the_excerpt --><\/p>\n","protected":false},"author":14,"featured_media":0,"comment_status":"open","ping_status":"closed","sticky":false,"template":"","format":"standard","meta":[],"categories":[4],"tags":[37,46,56],"_links":{"self":[{"href":"https:\/\/blogs.eldiariomontanes.es\/llamazaresensutinta\/wp-json\/wp\/v2\/posts\/414"}],"collection":[{"href":"https:\/\/blogs.eldiariomontanes.es\/llamazaresensutinta\/wp-json\/wp\/v2\/posts"}],"about":[{"href":"https:\/\/blogs.eldiariomontanes.es\/llamazaresensutinta\/wp-json\/wp\/v2\/types\/post"}],"author":[{"embeddable":true,"href":"https:\/\/blogs.eldiariomontanes.es\/llamazaresensutinta\/wp-json\/wp\/v2\/users\/14"}],"replies":[{"embeddable":true,"href":"https:\/\/blogs.eldiariomontanes.es\/llamazaresensutinta\/wp-json\/wp\/v2\/comments?post=414"}],"version-history":[{"count":0,"href":"https:\/\/blogs.eldiariomontanes.es\/llamazaresensutinta\/wp-json\/wp\/v2\/posts\/414\/revisions"}],"wp:attachment":[{"href":"https:\/\/blogs.eldiariomontanes.es\/llamazaresensutinta\/wp-json\/wp\/v2\/media?parent=414"}],"wp:term":[{"taxonomy":"category","embeddable":true,"href":"https:\/\/blogs.eldiariomontanes.es\/llamazaresensutinta\/wp-json\/wp\/v2\/categories?post=414"},{"taxonomy":"post_tag","embeddable":true,"href":"https:\/\/blogs.eldiariomontanes.es\/llamazaresensutinta\/wp-json\/wp\/v2\/tags?post=414"}],"curies":[{"name":"wp","href":"https:\/\/api.w.org\/{rel}","templated":true}]}}