{"id":403,"date":"2016-11-15T07:12:59","date_gmt":"2016-11-15T06:12:59","guid":{"rendered":"http:\/\/blogs.eldiariomontanes.es\/llamazaresensutinta\/?p=403"},"modified":"2016-11-15T07:12:59","modified_gmt":"2016-11-15T06:12:59","slug":"sobre-patria-de-fernando-aramburu","status":"publish","type":"post","link":"https:\/\/blogs.eldiariomontanes.es\/llamazaresensutinta\/2016\/11\/15\/sobre-patria-de-fernando-aramburu\/","title":{"rendered":"Sobre &#039;Patria&#039;, de Fernando Aramburu"},"content":{"rendered":"<h1>Al final siempre gana el olvido<\/h1>\n<p>&nbsp;<\/p>\n<p><a href=\"\/llamazaresensutinta\/wp-content\/uploads\/sites\/23\/2016\/11\/aramburu.jpg\"><img loading=\"lazy\" class=\"size-full wp-image-404 alignnone\" style=\"margin: 10px 0px;\" title=\"aramburu\" src=\"\/llamazaresensutinta\/wp-content\/uploads\/sites\/23\/2016\/11\/aramburu.jpg\" alt=\"\" width=\"575\" height=\"322\" srcset=\"https:\/\/static-blogs.eldiariomontanes.es\/wp-content\/uploads\/sites\/23\/2016\/11\/aramburu.jpg 575w, https:\/\/static-blogs.eldiariomontanes.es\/wp-content\/uploads\/sites\/23\/2016\/11\/aramburu-300x168.jpg 300w\" sizes=\"(max-width: 575px) 100vw, 575px\" \/><\/a><\/p>\n<p>\u2018Patria\u2019 son ciento veintinco fragmentos que podr\u00edan funcionar como relatos cortos, pero que en realidad componen el mosaico de un tiempo y un lugar en el que la libertad fue desdibujando su concepto hasta convertirse en una pesadilla de opresi\u00f3n, en el que los juegos de intereses intercambian papeles de v\u00edctimas y verdugos y sumen en un manto de fanatismo y violencia cuatro d\u00e9cadas para el olvido.<\/p>\n<p>\u2018Patria\u2019 es la memoria del miedo y el rencor, de un forzosa socializaci\u00f3n en la que \u00fanica posici\u00f3n posible es la propia, y en la que las actitudes refractarias a lo for\u00e1neo, a lo ajeno, acaban conduciendo a una barbarie en la que ni siquiera los supuestos referentes morales, como la Iglesia, consiguen superar un discurso maniqueo, cargado de \u2018buenos\u2019 y \u2018malos\u2019.<\/p>\n<p>\u2018Patria\u2019 es un pa\u00eds partido en sus entra\u00f1as, es la reflexi\u00f3n de una sociedad que culpabiliza a las v\u00edctimas, que consigue imbuir el terror en el interior de las mentes, que no pretende convencer sino hacer uso de la fuerza. Un pa\u00eds que inventa una lengua nueva, para no llamar a las cosas por su nombre.<\/p>\n<p>\u2018Patria\u2019 es la historia de dos familias en un pueblo que no necesita nombre; de dos \u2018amas\u2019 a las que la violencia separa tras d\u00e9cadas de amistad. Miren y Bittori son dos mujeres dominantes a las que un atentado \u2013el asesinato del Txato, marido de Bittori\u2013 separar\u00e1 en un abismo fondeado por el aislamiento de un entorno que prefiere refugiarse en el \u2018algo habr\u00e1 hecho\u2019. \u00a0Pero es tambi\u00e9n la historia de Joxe Mari y sus manos manchadas de sangre, cuyo camino conduce al arrepentimiento.<\/p>\n<p>\u2018Patria\u2019 no tiene una \u00fanica voz, sino nueve \u2013Miren y Bittori, sus maridos y sus cinco hijos\u2013 que se alternan y que forman un caleidoscopio que recoge las m\u00faltiples actitudes frente al horror. Aunque al frente de todas est\u00e1 la de un escritor que no reh\u00faye su propia postura, su propia memoria. Se busca identidad y se encuentran personas, cada uno con su propio universo a cuestas.<\/p>\n<p>Y aunque se llega a afirmar que \u00abal final, siempre gana el olvido\u00bb, la r\u00e9plica reza que tampoco vamos a hacerle el trabajo.<\/p>\n<!-- AddThis Advanced Settings generic via filter on the_content --><!-- AddThis Share Buttons generic via filter on the_content -->","protected":false},"excerpt":{"rendered":"<p>Al final siempre gana el olvido &nbsp; \u2018Patria\u2019 son ciento veintinco fragmentos que podr\u00edan funcionar como relatos cortos, pero que en realidad componen el mosaico de un tiempo y un lugar en el que la libertad fue desdibujando su concepto hasta convertirse en una pesadilla de opresi\u00f3n, en el que los juegos de intereses intercambian [&hellip;]<!-- AddThis Advanced Settings generic via filter on get_the_excerpt --><!-- AddThis Share Buttons generic via filter on get_the_excerpt --><\/p>\n","protected":false},"author":14,"featured_media":0,"comment_status":"open","ping_status":"closed","sticky":false,"template":"","format":"standard","meta":[],"categories":[7],"tags":[13,29,45,50,51,68],"_links":{"self":[{"href":"https:\/\/blogs.eldiariomontanes.es\/llamazaresensutinta\/wp-json\/wp\/v2\/posts\/403"}],"collection":[{"href":"https:\/\/blogs.eldiariomontanes.es\/llamazaresensutinta\/wp-json\/wp\/v2\/posts"}],"about":[{"href":"https:\/\/blogs.eldiariomontanes.es\/llamazaresensutinta\/wp-json\/wp\/v2\/types\/post"}],"author":[{"embeddable":true,"href":"https:\/\/blogs.eldiariomontanes.es\/llamazaresensutinta\/wp-json\/wp\/v2\/users\/14"}],"replies":[{"embeddable":true,"href":"https:\/\/blogs.eldiariomontanes.es\/llamazaresensutinta\/wp-json\/wp\/v2\/comments?post=403"}],"version-history":[{"count":0,"href":"https:\/\/blogs.eldiariomontanes.es\/llamazaresensutinta\/wp-json\/wp\/v2\/posts\/403\/revisions"}],"wp:attachment":[{"href":"https:\/\/blogs.eldiariomontanes.es\/llamazaresensutinta\/wp-json\/wp\/v2\/media?parent=403"}],"wp:term":[{"taxonomy":"category","embeddable":true,"href":"https:\/\/blogs.eldiariomontanes.es\/llamazaresensutinta\/wp-json\/wp\/v2\/categories?post=403"},{"taxonomy":"post_tag","embeddable":true,"href":"https:\/\/blogs.eldiariomontanes.es\/llamazaresensutinta\/wp-json\/wp\/v2\/tags?post=403"}],"curies":[{"name":"wp","href":"https:\/\/api.w.org\/{rel}","templated":true}]}}