{"id":145,"date":"2015-04-19T19:08:17","date_gmt":"2015-04-19T17:08:17","guid":{"rendered":"http:\/\/blogs.eldiariomontanes.es\/llamazaresensutinta\/?p=145"},"modified":"2015-04-19T19:08:17","modified_gmt":"2015-04-19T17:08:17","slug":"el-angel-caido","status":"publish","type":"post","link":"https:\/\/blogs.eldiariomontanes.es\/llamazaresensutinta\/2015\/04\/19\/el-angel-caido\/","title":{"rendered":"El \u00e1ngel ca\u00eddo"},"content":{"rendered":"<p><a href=\"\/llamazaresensutinta\/wp-content\/uploads\/sites\/23\/2015\/04\/rato.jpg\"><img class=\"size-medium wp-image-146 aligncenter\" style=\"vertical-align: text-top;\" title=\"rato\" src=\"\/llamazaresensutinta\/wp-content\/uploads\/sites\/23\/2015\/04\/rato.jpg\" alt=\"\" width=\"400\" srcset=\"https:\/\/static-blogs.eldiariomontanes.es\/wp-content\/uploads\/sites\/23\/2015\/04\/rato.jpg 643w, https:\/\/static-blogs.eldiariomontanes.es\/wp-content\/uploads\/sites\/23\/2015\/04\/rato-300x169.jpg 300w\" sizes=\"(max-width: 643px) 100vw, 643px\" \/><\/a><\/p>\n<p>Cuando Rodrigo Rato, el hombre que pudo reinar, estudiaba en Berkeley luc\u00eda una frondosa media melena de leve regusto hippy, algo as\u00ed como un precedente del peinado Aznar que tanto \u00e9xito tuvo entre el pijer\u00edo patrio hace una d\u00e9cada. Nada que ver, claro, con esa frente despejada con la que se gan\u00f3 la fama de rey Midas en los noventa, merced a un milagro econ\u00f3mico que su partido se autoatribuy\u00f3, menospreciando la importancia de Elliot y sus ondas del ciclo econ\u00f3mico.<\/p>\n<p>Sea como fuere, el bueno de Rodrigo ha pasado de ser el rostro de la excelencia \u2013\u00e9l salv\u00f3 la \u00faltima crisis, o eso nos vendieron durante d\u00e9cadas\u2013, a convertirse en el chivo expiatorio de la crisis y el blanco del l\u00f3gico descontento popular, cr\u00edticas y recochineo incluidos.<\/p>\n<p>Durante mucho tiempo pensamos que el destino de Rato lo hab\u00eda torcido Aznar, con la famosa libreta azul en la que estaba escrito \u2013imaginamos que con tinta de oro\u2013 el nombre de su sucesor. Claro que en las memorias del expresidente desvelaba que Rajoy s\u00f3lo hab\u00eda sido la segunda opci\u00f3n, despu\u00e9s de que Rodrigo, como Pedro en el calvario, le negara dos veces. A buen seguro, esperaba mejores destinos, y la Moncloa se te tiene que hacer poca cosa frente a la posibilidad de tocar la campana de Wall Street como si tocaras la \u2018happy hour\u2019 de la econom\u00eda mundial. Claro que entonces no sabr\u00eda que la direcci\u00f3n del FMI aparejaba alg\u00fan tipo de maldici\u00f3n; la sufri\u00f3 primero K\u00f6hler, que tuvo que dimitir como presidente de Alemania por exceso de sinceridad \u2013dej\u00f3 entrever intereses econ\u00f3micos en la intervenci\u00f3n militar prevista en Afganist\u00e1n\u2013, y la sufrir\u00eda m\u00e1s tarde Strauss-Kahn, por asuntos de bragueta. A Rato, por su parte, le acusan de fraude y alzamiento de bienes; delitos de cuello blanco, s\u00ed, pero que le van a suponer una temporada entre rejas, y quien sabe si la ruina econ\u00f3mica. Triste final para el rostro del capitalismo, aunque podr\u00eda haber sido peor: podr\u00edan haberle acusado de crear la burbuja inmobiliaria, de la congelaci\u00f3n salarial, de la privatizaci\u00f3n de Espa\u00f1a, S.A., o incluso del tongo de las facturas de la luz. Pero de eso parece que va a librarse, no sea que la realidad haga deste\u00f1ir el cuento de la edad dorada.<\/p>\n<p>Lo curioso es que nadie se diera cuenta de que algo fallaba con Rodrigo; alguien capaz de sacarse el doctorado durante su mandato como ministro, o es un genio con el poder de multiplicar el tiempo, o es un fraude. Le salvaba, claro, su \u2018\u00e1ngel\u2019. Tal vez haya sido el \u00fanico pol\u00edtico popular con verdadero encanto personal; lo que no sab\u00edamos es que no s\u00f3lo era p\u00edcara su mirada, sino que la picaresca tambi\u00e9n acabar\u00eda salpicando su propia biograf\u00eda, hasta convertirle en el \u00e1ngel ca\u00eddo del neoliberalismo.<\/p>\n<!-- AddThis Advanced Settings generic via filter on the_content --><!-- AddThis Share Buttons generic via filter on the_content -->","protected":false},"excerpt":{"rendered":"<p>Cuando Rodrigo Rato, el hombre que pudo reinar, estudiaba en Berkeley luc\u00eda una frondosa media melena de leve regusto hippy, algo as\u00ed como un precedente del peinado Aznar que tanto \u00e9xito tuvo entre el pijer\u00edo patrio hace una d\u00e9cada. Nada que ver, claro, con esa frente despejada con la que se gan\u00f3 la fama de [&hellip;]<!-- AddThis Advanced Settings generic via filter on get_the_excerpt --><!-- AddThis Share Buttons generic via filter on get_the_excerpt --><\/p>\n","protected":false},"author":14,"featured_media":0,"comment_status":"open","ping_status":"closed","sticky":false,"template":"","format":"standard","meta":[],"categories":[6],"tags":[],"_links":{"self":[{"href":"https:\/\/blogs.eldiariomontanes.es\/llamazaresensutinta\/wp-json\/wp\/v2\/posts\/145"}],"collection":[{"href":"https:\/\/blogs.eldiariomontanes.es\/llamazaresensutinta\/wp-json\/wp\/v2\/posts"}],"about":[{"href":"https:\/\/blogs.eldiariomontanes.es\/llamazaresensutinta\/wp-json\/wp\/v2\/types\/post"}],"author":[{"embeddable":true,"href":"https:\/\/blogs.eldiariomontanes.es\/llamazaresensutinta\/wp-json\/wp\/v2\/users\/14"}],"replies":[{"embeddable":true,"href":"https:\/\/blogs.eldiariomontanes.es\/llamazaresensutinta\/wp-json\/wp\/v2\/comments?post=145"}],"version-history":[{"count":0,"href":"https:\/\/blogs.eldiariomontanes.es\/llamazaresensutinta\/wp-json\/wp\/v2\/posts\/145\/revisions"}],"wp:attachment":[{"href":"https:\/\/blogs.eldiariomontanes.es\/llamazaresensutinta\/wp-json\/wp\/v2\/media?parent=145"}],"wp:term":[{"taxonomy":"category","embeddable":true,"href":"https:\/\/blogs.eldiariomontanes.es\/llamazaresensutinta\/wp-json\/wp\/v2\/categories?post=145"},{"taxonomy":"post_tag","embeddable":true,"href":"https:\/\/blogs.eldiariomontanes.es\/llamazaresensutinta\/wp-json\/wp\/v2\/tags?post=145"}],"curies":[{"name":"wp","href":"https:\/\/api.w.org\/{rel}","templated":true}]}}