{"id":342,"date":"2016-01-11T14:27:13","date_gmt":"2016-01-11T14:27:13","guid":{"rendered":"http:\/\/blogs.eldiariomontanes.es\/laengana\/?p=342"},"modified":"2016-01-11T14:27:13","modified_gmt":"2016-01-11T14:27:13","slug":"apuesta-de-mujeres-para-resucitar-la-engana","status":"publish","type":"post","link":"https:\/\/blogs.eldiariomontanes.es\/laengana\/2016\/01\/11\/apuesta-de-mujeres-para-resucitar-la-engana\/","title":{"rendered":"Apuesta de mujeres para resucitar La Enga\u00f1a"},"content":{"rendered":"<div id=\"attachment_343\" style=\"width: 670px\" class=\"wp-caption alignleft\"><a href=\"\/laengana\/wp-content\/uploads\/sites\/15\/2016\/01\/P1010072.jpg\"><img aria-describedby=\"caption-attachment-343\" loading=\"lazy\" class=\"size-full wp-image-343\" title=\"OLYMPUS DIGITAL CAMERA\" src=\"\/laengana\/wp-content\/uploads\/sites\/15\/2016\/01\/P1010072.jpg\" alt=\"\" width=\"660\" height=\"477\" srcset=\"https:\/\/static-blogs.eldiariomontanes.es\/wp-content\/uploads\/sites\/15\/2016\/01\/P1010072.jpg 660w, https:\/\/static-blogs.eldiariomontanes.es\/wp-content\/uploads\/sites\/15\/2016\/01\/P1010072-300x217.jpg 300w\" sizes=\"(max-width: 660px) 100vw, 660px\" \/><\/a><p id=\"caption-attachment-343\" class=\"wp-caption-text\">Muelle cubierto y, detr\u00e1s, edificio de viajeros de la estaci\u00f3n de La Enga\u00f1a, los dos inmuebles que entran en el contrato inicial firmado por la asociaci\u00f3n ecofeminista que quiere rehabilitarlos. T. C.<\/p><\/div>\n<p><strong>HAZ CLIC <a href=\"http:\/\/www.eldiariomontanes.es\/fotos\/bahia-centro-pas\/201601\/11\/proyecto-ecofeminista-engana-30122683618013-mm.html \" rel=\"external nofollow\">AQU\u00cd<\/a> PARA VER LA GALER\u00cdA DE IM\u00c1GENES<\/strong><\/p>\n<p><strong>Una colonia ecofeminista se instalar\u00e1 en el poblado ferroviario abandonado en el lado burgal\u00e9s<\/strong><\/p>\n<p><strong>La asociaci\u00f3n promotora del proyecto ha firmado un contrato de alquiler hasta 2023 para rehabilitar los edificios de la estaci\u00f3n y dar trabajo a &#8220;cuidadoras&#8221;<\/strong><\/p>\n<p>Los poblados abandonados de La Enga\u00f1a se resisten a morir y no lo har\u00e1n mientras quede alguien decidido a insuflarles aliento a uno u otro lado del t\u00fanel que comunica Burgos con Cantabria bajo la monta\u00f1a. En el lado c\u00e1ntabro est\u00e1 por ver si la v\u00eda verde proyectada por el Gobierno regional llega alg\u00fan d\u00eda desde Santander hasta la boca norte de la galer\u00eda ferroviaria, en Yera, o si se retoma en el futuro el frustrado telef\u00e9rico que el alcalde de Vega de Pas defiende con u\u00f1as y dientes. Mientras tanto, en el lado burgal\u00e9s nace una iniciativa muy distinta, una apuesta de un grupo de mujeres para recuperar la aldea que se desmorona junto a la boca sur. Una asociaci\u00f3n ecofeminista se ha abierto paso entre la burocracia y ha firmado un contrato de alquiler hasta 2023 para resucitar el enclave con un proyecto que se sustenta sobre cuatro pilares: el paisaje, la historia, el trabajo comunitario y el papel de la mujer en la sociedad.<\/p>\n<div id=\"attachment_344\" style=\"width: 670px\" class=\"wp-caption alignleft\"><a href=\"\/laengana\/wp-content\/uploads\/sites\/15\/2016\/01\/DSC_4965.jpg\"><img aria-describedby=\"caption-attachment-344\" loading=\"lazy\" class=\"size-full wp-image-344\" title=\"DSC_4965\" src=\"\/laengana\/wp-content\/uploads\/sites\/15\/2016\/01\/DSC_4965.jpg\" alt=\"\" width=\"660\" height=\"437\" srcset=\"https:\/\/static-blogs.eldiariomontanes.es\/wp-content\/uploads\/sites\/15\/2016\/01\/DSC_4965.jpg 660w, https:\/\/static-blogs.eldiariomontanes.es\/wp-content\/uploads\/sites\/15\/2016\/01\/DSC_4965-300x199.jpg 300w\" sizes=\"(max-width: 660px) 100vw, 660px\" \/><\/a><p id=\"caption-attachment-344\" class=\"wp-caption-text\">Charcos en la caja de la v\u00eda, entre los andenes fantasma que jam\u00e1s acogieron un tren. T. C.<\/p><\/div>\n<p>El plan que encabeza D\u00fania Rossell, una brasile\u00f1a afincada en Barcelona, no aspira al lucro, sino a la autosuficiencia, y no est\u00e1 respaldado por una gran inversi\u00f3n privada, sino fiado a la cooperaci\u00f3n social y a la implicaci\u00f3n comunitaria. El doble objetivo es, de un lado, dar cobijo y empleo de forma prioritaria a mujeres sin pareja con personas dependientes a su cargo y, de otro, conseguir que estos pobladores devuelvan al lugar el esp\u00edritu obrero y ferroviario con el que naci\u00f3.<\/p>\n<p>La emprendedora que promueve el proyecto recluta socias y socios para montar una comunidad ecofeminista que se encargar\u00e1 de la rehabilitaci\u00f3n, por fases, de los edificios de La Enga\u00f1a para establecer una hospeder\u00eda, un albergue juvenil, un centro de interpretaci\u00f3n, talleres de capacitaci\u00f3n y arte, y, a la par, la residencia de las propias trabajadoras, que atender\u00e1n la cocina, el huerto ecol\u00f3gico, el corral y otros servicios prestados a terceros para el mantenimiento de la colonia obrera.<\/p>\n<div id=\"attachment_345\" style=\"width: 670px\" class=\"wp-caption alignleft\"><a href=\"\/laengana\/wp-content\/uploads\/sites\/15\/2016\/01\/DSC_4978.jpg\"><img aria-describedby=\"caption-attachment-345\" loading=\"lazy\" class=\"size-full wp-image-345\" title=\"DSC_4978\" src=\"\/laengana\/wp-content\/uploads\/sites\/15\/2016\/01\/DSC_4978.jpg\" alt=\"\" width=\"660\" height=\"437\" srcset=\"https:\/\/static-blogs.eldiariomontanes.es\/wp-content\/uploads\/sites\/15\/2016\/01\/DSC_4978.jpg 660w, https:\/\/static-blogs.eldiariomontanes.es\/wp-content\/uploads\/sites\/15\/2016\/01\/DSC_4978-300x199.jpg 300w\" sizes=\"(max-width: 660px) 100vw, 660px\" \/><\/a><p id=\"caption-attachment-345\" class=\"wp-caption-text\">El muelle cubierto o nave de mercanc\u00edas se utiliza como pesebre para el ganado y debe ser desinfectado. T. C.<\/p><\/div>\n<p>D\u00fania Rossell buscaba el Norte y dio con La Enga\u00f1a por casualidad, pero una vez empapada de su historia y de su paisaje, siente que &#8220;este es el lugar y tiene que serlo. Es como si me llamara&#8221;, asegura. Veinte a\u00f1os se emplearon en completar la accidentada obra del t\u00fanel de La Enga\u00f1a, de casi siete kil\u00f3metros de longitud, y la horadaci\u00f3n cost\u00f3 la vida a decenas de obreros, la mayor\u00eda aplastados por rocas o consumidos por la silicosis. Durante los primeros a\u00f1os cuarenta del siglo XX, los trabajos m\u00e1s penosos, dentro de la galer\u00eda, recayeron sobre presos republicanos represaliados por la dictadura franquista. Despu\u00e9s continuaron con la gesta miles de trabajadores libres emigrados de todos los puntos de Espa\u00f1a. Rescatar este trozo de historia del olvido y recuperar los nombres de sus protagonistas, &#8220;nuestros grandes maestros de vida&#8221;, es uno de los prop\u00f3sitos de esta trabajadora social y educadora infantil.<\/p>\n<p>&nbsp;<\/p>\n<div id=\"attachment_346\" style=\"width: 670px\" class=\"wp-caption alignleft\"><a href=\"\/laengana\/wp-content\/uploads\/sites\/15\/2016\/01\/DSC_4972.jpg\"><img aria-describedby=\"caption-attachment-346\" loading=\"lazy\" class=\"size-full wp-image-346\" title=\"DSC_4972\" src=\"\/laengana\/wp-content\/uploads\/sites\/15\/2016\/01\/DSC_4972.jpg\" alt=\"\" width=\"660\" height=\"437\" srcset=\"https:\/\/static-blogs.eldiariomontanes.es\/wp-content\/uploads\/sites\/15\/2016\/01\/DSC_4972.jpg 660w, https:\/\/static-blogs.eldiariomontanes.es\/wp-content\/uploads\/sites\/15\/2016\/01\/DSC_4972-300x199.jpg 300w\" sizes=\"(max-width: 660px) 100vw, 660px\" \/><\/a><p id=\"caption-attachment-346\" class=\"wp-caption-text\">Primer contenedor con material de obra que ha llegado a la estaci\u00f3n para marcar el per\u00edmetro de la rehabilitaci\u00f3n. T. C.<\/p><\/div>\n<p><strong>Simpat\u00edas y voluntades<\/strong><\/p>\n<p>El primer reto ha sido firmar, el pasado 1 de diciembre, un contrato de alquiler con el administrador ferroviario para la cesi\u00f3n de las instalaciones y no es f\u00e1cil convencer a las entidades p\u00fablicas cuando detr\u00e1s de un proyecto hay m\u00e1s empuje y creatividad que capital. &#8220;Ha sido una labor de un a\u00f1o y agradezco la confianza que han depositado en nosotras&#8221;. La memoria de presupuestos que present\u00f3 D\u00fania no parec\u00eda cre\u00edble por lo exiguo de la cifra, pero &#8220;solo pas\u00e9 lo imprescindible&#8221;. No inclu\u00eda los gastos de mano de obra, que correr\u00e1 a cargo de asociados, voluntarios y &#8220;profesionales cooperadores&#8221;, y el coste de los materiales se reduce porque todo proceder\u00e1 del reciclaje, del aprovechamiento de hasta la \u00faltima piedra que est\u00e9 fuera de su sitio pero sobre el terreno, de donaciones y de &#8220;negociaciones con empresas de la construcci\u00f3n&#8221; que simpaticen con la causa.<\/p>\n<p>La trabajadora social subraya que &#8220;no perseguimos el lujo. Queremos ofrecer un servicio c\u00f3modo, sin florituras. Aprovecharemos todo lo aprovechable, que es bastante, y todo lo dem\u00e1s lo iremos consiguiendo a medida que extendamos nuestra red de apoyos e intercambios&#8221;. En el contrato mercantil de arrendamiento, de ocho a\u00f1os prorrogables, se incluyen solo dos edificios, el de viajeros y el muelle cubierto, y un terreno. Rossell quiere incorporar a su colonia de forma progresiva el resto de construcciones: la ermita-escuela, las viviendas de los ingenieros y de los jefes de taller (que ser\u00e1n rehabilitadas y ocupadas por las familias de la asociaci\u00f3n), los barracones de los obreros, la antigua hospeder\u00eda&#8230; Hasta donde pueda llegar.<\/p>\n<div id=\"attachment_347\" style=\"width: 670px\" class=\"wp-caption alignleft\"><a href=\"\/laengana\/wp-content\/uploads\/sites\/15\/2016\/01\/DSC_4970.jpg\"><img aria-describedby=\"caption-attachment-347\" loading=\"lazy\" class=\"size-full wp-image-347\" title=\"DSC_4970\" src=\"\/laengana\/wp-content\/uploads\/sites\/15\/2016\/01\/DSC_4970.jpg\" alt=\"\" width=\"660\" height=\"437\" srcset=\"https:\/\/static-blogs.eldiariomontanes.es\/wp-content\/uploads\/sites\/15\/2016\/01\/DSC_4970.jpg 660w, https:\/\/static-blogs.eldiariomontanes.es\/wp-content\/uploads\/sites\/15\/2016\/01\/DSC_4970-300x199.jpg 300w\" sizes=\"(max-width: 660px) 100vw, 660px\" \/><\/a><p id=\"caption-attachment-347\" class=\"wp-caption-text\">Acceso al t\u00fanel de La Enga\u00f1a por la boca sur, paraje ceniciento y h\u00famedo en esta \u00e9poca del a\u00f1o. T. C.<\/p><\/div>\n<p><strong>Ochenta d\u00edas para conquistar\u00a0a los peque\u00f1os mecenas<\/strong><\/p>\n<p align=\"JUSTIFY\"><span style=\"font-family: Verdana, Geneva, Arial, Helvetica, sans-serif;\">D\u00fania Rossell hace un llamamiento para reunir socios de la colonia en calidad de residentes-peones que al principio trabajar\u00e1n sin remuneraci\u00f3n. Aunque se dirige &#8220;en primer lugar a mujeres cuidadoras de familiares para que dejen de ser un colectivo de exclusi\u00f3n y puedan conciliar su vida laboral y familiar a trav\u00e9s del trabajo digno y estable&#8221;, tambi\u00e9n tienen cabida, &#8220;en segundo lugar, los hombres cuidadores&#8221; y, &#8220;en tercer lugar, solteras, solteros, parejas y familias&#8221;.<\/span><\/p>\n<p><span style=\"color: #000000;\"><span style=\"font-family: Verdana, Geneva, Arial, Helvetica, sans-serif;\"><span>Para transformar su utop\u00eda en realidad, Rossell y las otras tres personas fundadoras de la Asociaci\u00f3n Social e Hist\u00f3rica de Econom\u00eda Feminista (ASHEF) necesitan reunir 20.000 euros en ochenta d\u00edas, &#8220;la cantidad m\u00ednima imprescindible para conseguir la c\u00e9dula de habitabilidad&#8221; de los edificios a rehabilitar. Desde el 7 de enero y a trav\u00e9s de la plataforma namlebee.com, todas las personas que lo deseen pueden colaborar con un m\u00ednimo de 10 euros &#8220;tantas veces como quieran y con un m\u00e1ximo sin l\u00edmite. Las aportaciones a nuestro proyecto social se compensar\u00e1n con alojamiento gratuito en la hospeder\u00eda cuando dispongamos de ella&#8221;, se\u00f1ala la trabajadora social.<\/span><\/span><\/span><\/p>\n<div id=\"attachment_348\" style=\"width: 670px\" class=\"wp-caption alignleft\"><a href=\"\/laengana\/wp-content\/uploads\/sites\/15\/2016\/01\/P1010099.jpg\"><img aria-describedby=\"caption-attachment-348\" loading=\"lazy\" class=\"size-full wp-image-348\" title=\"OLYMPUS DIGITAL CAMERA\" src=\"\/laengana\/wp-content\/uploads\/sites\/15\/2016\/01\/P1010099.jpg\" alt=\"\" width=\"660\" height=\"477\" srcset=\"https:\/\/static-blogs.eldiariomontanes.es\/wp-content\/uploads\/sites\/15\/2016\/01\/P1010099.jpg 660w, https:\/\/static-blogs.eldiariomontanes.es\/wp-content\/uploads\/sites\/15\/2016\/01\/P1010099-300x217.jpg 300w\" sizes=\"(max-width: 660px) 100vw, 660px\" \/><\/a><p id=\"caption-attachment-348\" class=\"wp-caption-text\">D\u00fania Rossell quiere extender su proyecto social al resto de construcciones que agonizan en el poblado de La Enga\u00f1a y que no entran en el contrato firmado hasta 2023. T. C.<\/p><\/div>\n<p><span style=\"color: #000000;\"><span style=\"font-family: Verdana, Geneva, Arial, Helvetica, sans-serif;\"><span>La asociaci\u00f3n no solo invita a colaborar en la financiaci\u00f3n a trav\u00e9s de este sistema de micromecenazgo (crowdfunding), tambi\u00e9n pretende contar con donaciones y mano de obra gratuita. Entre las peticiones concretas citan mobiliario, materiales de construcci\u00f3n, herramientas y maquinaria, un veh\u00edculo adaptado para personas con movilidad reducida, un todoterreno, una caravana, una caseta de exterior, estufas de gas butano, un generador el\u00e9ctrico. &#8220;Necesitamos tanto peones como peonas para diferentes trabajos, t\u00e9cnicas y t\u00e9cnicos que nos ense\u00f1en, supervisen y firmen certificados de obra. Necesitamos la cooperaci\u00f3n de una arquitecta colegiada&#8221;, enumera Rossell. Por pedir que no quede.<\/span><\/span><\/span><\/p>\n<!-- AddThis Advanced Settings generic via filter on the_content --><!-- AddThis Share Buttons generic via filter on the_content -->","protected":false},"excerpt":{"rendered":"<p>HAZ CLIC AQU\u00cd PARA VER LA GALER\u00cdA DE IM\u00c1GENES Una colonia ecofeminista se instalar\u00e1 en el poblado ferroviario abandonado en el lado burgal\u00e9s La asociaci\u00f3n promotora del proyecto ha firmado un contrato de alquiler hasta 2023 para rehabilitar los edificios de la estaci\u00f3n y dar trabajo a &#8220;cuidadoras&#8221; Los poblados abandonados de La Enga\u00f1a se [&hellip;]<!-- AddThis Advanced Settings generic via filter on get_the_excerpt --><!-- AddThis Share Buttons generic via filter on get_the_excerpt --><\/p>\n","protected":false},"author":5,"featured_media":0,"comment_status":"open","ping_status":"open","sticky":false,"template":"","format":"standard","meta":[],"categories":[6],"tags":[],"_links":{"self":[{"href":"https:\/\/blogs.eldiariomontanes.es\/laengana\/wp-json\/wp\/v2\/posts\/342"}],"collection":[{"href":"https:\/\/blogs.eldiariomontanes.es\/laengana\/wp-json\/wp\/v2\/posts"}],"about":[{"href":"https:\/\/blogs.eldiariomontanes.es\/laengana\/wp-json\/wp\/v2\/types\/post"}],"author":[{"embeddable":true,"href":"https:\/\/blogs.eldiariomontanes.es\/laengana\/wp-json\/wp\/v2\/users\/5"}],"replies":[{"embeddable":true,"href":"https:\/\/blogs.eldiariomontanes.es\/laengana\/wp-json\/wp\/v2\/comments?post=342"}],"version-history":[{"count":0,"href":"https:\/\/blogs.eldiariomontanes.es\/laengana\/wp-json\/wp\/v2\/posts\/342\/revisions"}],"wp:attachment":[{"href":"https:\/\/blogs.eldiariomontanes.es\/laengana\/wp-json\/wp\/v2\/media?parent=342"}],"wp:term":[{"taxonomy":"category","embeddable":true,"href":"https:\/\/blogs.eldiariomontanes.es\/laengana\/wp-json\/wp\/v2\/categories?post=342"},{"taxonomy":"post_tag","embeddable":true,"href":"https:\/\/blogs.eldiariomontanes.es\/laengana\/wp-json\/wp\/v2\/tags?post=342"}],"curies":[{"name":"wp","href":"https:\/\/api.w.org\/{rel}","templated":true}]}}