{"id":275,"date":"2012-02-15T12:18:05","date_gmt":"2012-02-15T12:18:05","guid":{"rendered":"http:\/\/blogs.eldiariomontanes.es\/laengana\/?p=275"},"modified":"2012-02-15T12:18:05","modified_gmt":"2012-02-15T12:18:05","slug":"obras-del-tunel-de-la-engana-y-del-tramo-en-los-anos-50","status":"publish","type":"post","link":"https:\/\/blogs.eldiariomontanes.es\/laengana\/2012\/02\/15\/obras-del-tunel-de-la-engana-y-del-tramo-en-los-anos-50\/","title":{"rendered":"Fotos antiguas de las obras del t\u00fanel de La Enga\u00f1a y su tramo"},"content":{"rendered":"<p><a href=\"http:\/\/cabeceras.eldiariomontanes.es\/imagenes-municipios\/bahia-centro-pas\/3940\/la-engana-antiguas.html\" rel=\"external nofollow\"><strong>HAZ CLIC AQU\u00cd PARA VER LA GALER\u00cdA DE IM\u00c1GENES<\/strong><\/a><\/p>\n<div id=\"attachment_276\" style=\"width: 670px\" class=\"wp-caption alignleft\"><a href=\"\/laengana\/wp-content\/uploads\/sites\/15\/2014\/01\/ENGA\u00d1A-ANTIGUA.jpg\"><img aria-describedby=\"caption-attachment-276\" loading=\"lazy\" class=\"size-full wp-image-276\" title=\"ENGA\u00d1A ANTIGUA\" src=\"\/laengana\/wp-content\/uploads\/sites\/15\/2014\/01\/ENGA\u00d1A-ANTIGUA.jpg\" alt=\"\" width=\"660\" height=\"491\" srcset=\"https:\/\/static-blogs.eldiariomontanes.es\/wp-content\/uploads\/sites\/15\/2014\/01\/ENGA\u00d1A-ANTIGUA.jpg 660w, https:\/\/static-blogs.eldiariomontanes.es\/wp-content\/uploads\/sites\/15\/2014\/01\/ENGA\u00d1A-ANTIGUA-300x223.jpg 300w\" sizes=\"(max-width: 660px) 100vw, 660px\" \/><\/a><p id=\"caption-attachment-276\" class=\"wp-caption-text\">Equipo de avance durante la perforaci\u00f3n del t\u00fanel desde la boca sur. A la derecha, Manuel Mateos, que hoy tiene 76 a\u00f1os, llegado desde Granada. \/ Samot<\/p><\/div>\n<!-- AddThis Advanced Settings generic via filter on the_content --><!-- AddThis Share Buttons generic via filter on the_content -->","protected":false},"excerpt":{"rendered":"<p>HAZ CLIC AQU\u00cd PARA VER LA GALER\u00cdA DE IM\u00c1GENES<!-- AddThis Advanced Settings generic via filter on get_the_excerpt --><!-- AddThis Share Buttons generic via filter on get_the_excerpt --><\/p>\n","protected":false},"author":5,"featured_media":0,"comment_status":"open","ping_status":"open","sticky":false,"template":"","format":"standard","meta":[],"categories":[3],"tags":[10,22,59,64,94,147],"_links":{"self":[{"href":"https:\/\/blogs.eldiariomontanes.es\/laengana\/wp-json\/wp\/v2\/posts\/275"}],"collection":[{"href":"https:\/\/blogs.eldiariomontanes.es\/laengana\/wp-json\/wp\/v2\/posts"}],"about":[{"href":"https:\/\/blogs.eldiariomontanes.es\/laengana\/wp-json\/wp\/v2\/types\/post"}],"author":[{"embeddable":true,"href":"https:\/\/blogs.eldiariomontanes.es\/laengana\/wp-json\/wp\/v2\/users\/5"}],"replies":[{"embeddable":true,"href":"https:\/\/blogs.eldiariomontanes.es\/laengana\/wp-json\/wp\/v2\/comments?post=275"}],"version-history":[{"count":0,"href":"https:\/\/blogs.eldiariomontanes.es\/laengana\/wp-json\/wp\/v2\/posts\/275\/revisions"}],"wp:attachment":[{"href":"https:\/\/blogs.eldiariomontanes.es\/laengana\/wp-json\/wp\/v2\/media?parent=275"}],"wp:term":[{"taxonomy":"category","embeddable":true,"href":"https:\/\/blogs.eldiariomontanes.es\/laengana\/wp-json\/wp\/v2\/categories?post=275"},{"taxonomy":"post_tag","embeddable":true,"href":"https:\/\/blogs.eldiariomontanes.es\/laengana\/wp-json\/wp\/v2\/tags?post=275"}],"curies":[{"name":"wp","href":"https:\/\/api.w.org\/{rel}","templated":true}]}}