{"id":27,"date":"2011-11-13T22:43:25","date_gmt":"2011-11-13T22:43:25","guid":{"rendered":"http:\/\/blogs.eldiariomontanes.es\/laengana\/?p=27"},"modified":"2011-11-13T22:43:25","modified_gmt":"2011-11-13T22:43:25","slug":"encuentro-en-la-boca-norte-del-tunel","status":"publish","type":"post","link":"https:\/\/blogs.eldiariomontanes.es\/laengana\/2011\/11\/13\/encuentro-en-la-boca-norte-del-tunel\/","title":{"rendered":"Encuentro en la boca norte del t\u00fanel (v\u00eddeo)"},"content":{"rendered":"<p>Manolo Mateos y Manolo Pelayo, que trabajaron en lados opuestos de La Enga\u00f1a, uno en Valdeporres y otro en Vega de Pas, se re\u00fanen por primera vez, en Yera y medio siglo despu\u00e9s, para contrastar sus recuerdos<\/p>\n<p><object id=\"flashObj\" width=\"640\" height=\"360\" classid=\"clsid:d27cdb6e-ae6d-11cf-96b8-444553540000\" codebase=\"http:\/\/download.macromedia.com\/pub\/shockwave\/cabs\/flash\/swflash.cab#version=6,0,40,0\"><param name=\"flashVars\" value=\"web=externos&#038;videoId=1272332293001&#038;playerID=308992240001&#038;playerKey=AQ%2E%2E,AAAAE_SNYgk%2E,ggLoEiysJmgcTlRr4Ft7x0A-oob831Ct&#038;domain=embed&#038;dynamicStreaming=true\" \/><param name=\"base\" value=\"http:\/\/admin.brightcove.com\" \/><param name=\"wmode\" value=\"transparent\" \/><param name=\"seamlesstabbing\" value=\"false\" \/><param name=\"allowFullScreen\" value=\"true\" \/><param name=\"swLiveConnect\" value=\"true\" \/><param name=\"allowScriptAccess\" value=\"always\" \/><param name=\"src\" value=\"http:\/\/c.brightcove.com\/services\/viewer\/federated_f9?isVid=1&#038;isUI=1\" \/><param name=\"flashvars\" value=\"web=externos&#038;videoId=1272332293001&#038;playerID=308992240001&#038;playerKey=AQ%2E%2E,AAAAE_SNYgk%2E,ggLoEiysJmgcTlRr4Ft7x0A-oob831Ct&#038;domain=embed&#038;dynamicStreaming=true\" \/><param name=\"allowfullscreen\" value=\"true\" \/><param name=\"allowscriptaccess\" value=\"always\" \/><param name=\"swliveconnect\" value=\"true\" \/><param name=\"pluginspage\" value=\"http:\/\/www.macromedia.com\/shockwave\/download\/index.cgi?P1_Prod_Version=ShockwaveFlash\" \/><embed id=\"flashObj\" width=\"640\" height=\"360\" type=\"application\/x-shockwave-flash\" src=\"\/\/c.brightcove.com\/services\/viewer\/federated_f9?isVid=1&#038;isUI=1\" flashVars=\"web=externos&#038;videoId=1272332293001&#038;playerID=308992240001&#038;playerKey=AQ%2E%2E,AAAAE_SNYgk%2E,ggLoEiysJmgcTlRr4Ft7x0A-oob831Ct&#038;domain=embed&#038;dynamicStreaming=true\" base=\"http:\/\/admin.brightcove.com\" wmode=\"transparent\" seamlesstabbing=\"false\" allowFullScreen=\"true\" swLiveConnect=\"true\" allowScriptAccess=\"always\" flashvars=\"web=externos&#038;videoId=1272332293001&#038;playerID=308992240001&#038;playerKey=AQ%2E%2E,AAAAE_SNYgk%2E,ggLoEiysJmgcTlRr4Ft7x0A-oob831Ct&#038;domain=embed&#038;dynamicStreaming=true\" allowfullscreen=\"true\" allowscriptaccess=\"always\" swliveconnect=\"true\" pluginspage=\"http:\/\/www.macromedia.com\/shockwave\/download\/index.cgi?P1_Prod_Version=ShockwaveFlash\" \/><\/object><\/p>\n<!-- AddThis Advanced Settings generic via filter on the_content --><!-- AddThis Share Buttons generic via filter on the_content -->","protected":false},"excerpt":{"rendered":"<p>Manolo Mateos y Manolo Pelayo, que trabajaron en lados opuestos de La Enga\u00f1a, uno en Valdeporres y otro en Vega de Pas, se re\u00fanen por primera vez, en Yera y medio siglo despu\u00e9s, para contrastar sus recuerdos<!-- AddThis Advanced Settings generic via filter on get_the_excerpt --><!-- AddThis Share Buttons generic via filter on get_the_excerpt --><\/p>\n","protected":false},"author":5,"featured_media":0,"comment_status":"open","ping_status":"closed","sticky":false,"template":"","format":"standard","meta":[],"categories":[5],"tags":[51,52,76,79,105,123,147,153,161,165],"_links":{"self":[{"href":"https:\/\/blogs.eldiariomontanes.es\/laengana\/wp-json\/wp\/v2\/posts\/27"}],"collection":[{"href":"https:\/\/blogs.eldiariomontanes.es\/laengana\/wp-json\/wp\/v2\/posts"}],"about":[{"href":"https:\/\/blogs.eldiariomontanes.es\/laengana\/wp-json\/wp\/v2\/types\/post"}],"author":[{"embeddable":true,"href":"https:\/\/blogs.eldiariomontanes.es\/laengana\/wp-json\/wp\/v2\/users\/5"}],"replies":[{"embeddable":true,"href":"https:\/\/blogs.eldiariomontanes.es\/laengana\/wp-json\/wp\/v2\/comments?post=27"}],"version-history":[{"count":0,"href":"https:\/\/blogs.eldiariomontanes.es\/laengana\/wp-json\/wp\/v2\/posts\/27\/revisions"}],"wp:attachment":[{"href":"https:\/\/blogs.eldiariomontanes.es\/laengana\/wp-json\/wp\/v2\/media?parent=27"}],"wp:term":[{"taxonomy":"category","embeddable":true,"href":"https:\/\/blogs.eldiariomontanes.es\/laengana\/wp-json\/wp\/v2\/categories?post=27"},{"taxonomy":"post_tag","embeddable":true,"href":"https:\/\/blogs.eldiariomontanes.es\/laengana\/wp-json\/wp\/v2\/tags?post=27"}],"curies":[{"name":"wp","href":"https:\/\/api.w.org\/{rel}","templated":true}]}}