{"id":26,"date":"2011-11-18T22:38:25","date_gmt":"2011-11-18T22:38:25","guid":{"rendered":"http:\/\/blogs.eldiariomontanes.es\/laengana\/?p=26"},"modified":"2011-11-18T22:38:25","modified_gmt":"2011-11-18T22:38:25","slug":"voces-infantiles-en-el-tunel","status":"publish","type":"post","link":"https:\/\/blogs.eldiariomontanes.es\/laengana\/2011\/11\/18\/voces-infantiles-en-el-tunel\/","title":{"rendered":"Voces infantiles en el t\u00fanel"},"content":{"rendered":"<p><object id=\"flashObj\" width=\"640\" height=\"360\" classid=\"clsid:d27cdb6e-ae6d-11cf-96b8-444553540000\" codebase=\"http:\/\/download.macromedia.com\/pub\/shockwave\/cabs\/flash\/swflash.cab#version=6,0,40,0\"><param name=\"flashVars\" value=\"web=externos&#038;videoId=1281556822001&#038;playerID=308992240001&#038;playerKey=AQ%2E%2E,AAAAE_SNYgk%2E,ggLoEiysJmgcTlRr4Ft7x0A-oob831Ct&#038;domain=embed&#038;dynamicStreaming=true\" \/><param name=\"base\" value=\"http:\/\/admin.brightcove.com\" \/><param name=\"wmode\" value=\"transparent\" \/><param name=\"seamlesstabbing\" value=\"false\" \/><param name=\"allowFullScreen\" value=\"true\" \/><param name=\"swLiveConnect\" value=\"true\" \/><param name=\"allowScriptAccess\" value=\"always\" \/><param name=\"src\" value=\"http:\/\/c.brightcove.com\/services\/viewer\/federated_f9?isVid=1&#038;isUI=1\" \/><param name=\"flashvars\" value=\"web=externos&#038;videoId=1281556822001&#038;playerID=308992240001&#038;playerKey=AQ%2E%2E,AAAAE_SNYgk%2E,ggLoEiysJmgcTlRr4Ft7x0A-oob831Ct&#038;domain=embed&#038;dynamicStreaming=true\" \/><param name=\"allowfullscreen\" value=\"true\" \/><param name=\"allowscriptaccess\" value=\"always\" \/><param name=\"swliveconnect\" value=\"true\" \/><param name=\"pluginspage\" value=\"http:\/\/www.macromedia.com\/shockwave\/download\/index.cgi?P1_Prod_Version=ShockwaveFlash\" \/><embed id=\"flashObj\" width=\"640\" height=\"360\" type=\"application\/x-shockwave-flash\" src=\"\/\/c.brightcove.com\/services\/viewer\/federated_f9?isVid=1&#038;isUI=1\" flashVars=\"web=externos&#038;videoId=1281556822001&#038;playerID=308992240001&#038;playerKey=AQ%2E%2E,AAAAE_SNYgk%2E,ggLoEiysJmgcTlRr4Ft7x0A-oob831Ct&#038;domain=embed&#038;dynamicStreaming=true\" base=\"http:\/\/admin.brightcove.com\" wmode=\"transparent\" seamlesstabbing=\"false\" allowFullScreen=\"true\" swLiveConnect=\"true\" allowScriptAccess=\"always\" flashvars=\"web=externos&#038;videoId=1281556822001&#038;playerID=308992240001&#038;playerKey=AQ%2E%2E,AAAAE_SNYgk%2E,ggLoEiysJmgcTlRr4Ft7x0A-oob831Ct&#038;domain=embed&#038;dynamicStreaming=true\" allowfullscreen=\"true\" allowscriptaccess=\"always\" swliveconnect=\"true\" pluginspage=\"http:\/\/www.macromedia.com\/shockwave\/download\/index.cgi?P1_Prod_Version=ShockwaveFlash\" \/><\/object><\/p>\n<p><em>Los escolares de Vega de Pas reclaman una ruta tur\u00edstica en La Enga\u00f1a<\/em><\/p>\n<p><em>El Colegio Doctor Madrazo trabaja este semestre con la historia de este trazado para el tren y reivindica con una excursi\u00f3n que se arregle y se le d\u00e9 utilidad<\/em><\/p>\n<p>En la garganta oscura del t\u00fanel de El Majoral brillan lucecitas de colores. Los puntos que titilan como estrellas avanzan hacia la boca norte. Voces infantiles resuenan contra la b\u00f3veda, pero no es posible distinguir nada. Por fin emergen de la negrura, con sus linternas, los ni\u00f1os del Colegio Doctor Madrazo, el \u00fanico de Vega de Pas, con 44 escolares. Los acompa\u00f1an sus profesoras. Quieren que conozcan sobre el terreno el abandonado trazado ferroviario de La Enga\u00f1a, en Yera, sobre el que tantas an\u00e9cdotas han o\u00eddo contar a sus padres y abuelos.<br \/>\n\u00abComo se celebraba el milenio de los pasiegos, se nos ocurri\u00f3 hacer con los alumnos un trabajo amplio sobre el proyecto del ferrocarril Santander-Mediterr\u00e1neo, porque, adem\u00e1s, sab\u00edan muy poco de esto. Hoy (por el mi\u00e9rcoles) los hemos tra\u00eddo aqu\u00ed para que vean c\u00f3mo fue de verdad todo lo que les hemos ense\u00f1ado en clase\u00bb, explica la profesora Isabel P\u00e9rez Carral. El colegio ha aprovechado la serie de reportajes sobre el t\u00fanel de la Enga\u00f1a que ha publicado El Diario Monta\u00f1\u00e9s para ejercitar tambi\u00e9n \u00abaspectos del lenguaje y de la comprensi\u00f3n de textos\u00bb.<br \/>\nLos ni\u00f1os quieren contar lo que han aprendido. \u00abEl t\u00fanel de La Enga\u00f1a lo hicieron los presos pol\u00edticos en tiempos de Franco y hay gente que ha muerto por un tipo de enfermedad que se llamaba silicosis\u00bb, aporta Jos\u00e9 Sainz, apoyado en la vara que le ha ayudado a cruzar los cuatro t\u00faneles cortos que hay entre el de La Enga\u00f1a (6.976 metros) y la ruinosa estaci\u00f3n de Yera. \u00abY sol\u00edan caer piedras del techo y los mataban\u00bb, ampl\u00eda Aitor Sainz.<\/p>\n<a href=\"\/laengana\/wp-content\/uploads\/sites\/15\/2011\/11\/BLOG-NI\u00d1OS.jpg\"><img loading=\"lazy\" class=\"size-full wp-image-144\" title=\"BLOG NI\u00d1OS\" src=\"\/laengana\/wp-content\/uploads\/sites\/15\/2011\/11\/BLOG-NI\u00d1OS.jpg\" alt=\"\" width=\"660\" height=\"438\" srcset=\"https:\/\/static-blogs.eldiariomontanes.es\/wp-content\/uploads\/sites\/15\/2011\/11\/BLOG-NI\u00d1OS.jpg 660w, https:\/\/static-blogs.eldiariomontanes.es\/wp-content\/uploads\/sites\/15\/2011\/11\/BLOG-NI\u00d1OS-300x199.jpg 300w\" sizes=\"(max-width: 660px) 100vw, 660px\" \/><\/a>\n<div class=\"mceTemp\"><\/div>\n<p>Los escolares, de entre tres y doce a\u00f1os, han tomado conciencia del valor de un lugar que tienen muy cerca de su pueblo, a cinco kil\u00f3metros. \u00abHay muchas cosas bonitas, pero lo est\u00e1n desgraciando. Me gustar\u00eda que se arreglara y que pudiera pasar el tren\u00bb, dice Cristina Laso. \u00abPedir\u00eda que no se desperdiciara todo el trabajo de tantas personas. Los t\u00faneles de la Enga\u00f1a son una obra que deber\u00eda estar bien presentable para que la conocieran todos los pa\u00edses\u00bb, opina Karina L\u00f3pez. \u00abNo tendr\u00edan que dejarlo caer, para que se hiciera una v\u00eda tur\u00edstica y la gente pudiera venir a ver lo bonito que es\u00bb, a\u00f1ade Erika G\u00f3mez.<br \/>\nOtra de las ni\u00f1as, Patricia Pelayo, razona as\u00ed: \u00abMuchas personas murieron construyendo el t\u00fanel. Aunque no se pueda reconstruir literalmente porque costar\u00eda muchos millones, pues que hagan una ruta. Muchas personas han aprovechado y, como est\u00e1 abandonado y no se sabe a qui\u00e9n pertenece, han cogido y se han apropiado de lo que han querido\u00bb. \u00abS\u00ed, que hagan una ruta para que lo conozca todo el mundo\u00bb, se suma Iker Cano.<br \/>\nLa directora del colegio, Ana Garc\u00eda, ha escuchado con atenci\u00f3n a los escolares. \u00abElegimos el tema de La Enga\u00f1a en el plan lector porque es muy significativo para ellos. Forma parte de su propia historia y de la historia de Espa\u00f1a, aunque lo tengamos aqu\u00ed. Est\u00e1 muy bien que los alumnos conozcan de una forma real lo que se hizo con los primeros presos republicanos. Pero con la excursi\u00f3n de hoy tambi\u00e9n queremos concienciar a los pol\u00edticos y a todos de que es una pena que esta infraestructura se pierda. Convertirlo en algo \u00fatil, una v\u00eda verde, por ejemplo, ser\u00eda bueno para los habitantes de Vega de Pas\u00bb.<\/p>\n<p>(En Yera, Vega de Pas, a 18 de noviembre de 2011)<\/p>\n<!-- AddThis Advanced Settings generic via filter on the_content --><!-- AddThis Share Buttons generic via filter on the_content -->","protected":false},"excerpt":{"rendered":"<p>Los escolares de Vega de Pas reclaman una ruta tur\u00edstica en La Enga\u00f1a El Colegio Doctor Madrazo trabaja este semestre con la historia de este trazado para el tren y reivindica con una excursi\u00f3n que se arregle y se le d\u00e9 utilidad En la garganta oscura del t\u00fanel de El Majoral brillan lucecitas de colores. [&hellip;]<!-- AddThis Advanced Settings generic via filter on get_the_excerpt --><!-- AddThis Share Buttons generic via filter on get_the_excerpt --><\/p>\n","protected":false},"author":5,"featured_media":0,"comment_status":"open","ping_status":"closed","sticky":false,"template":"","format":"standard","meta":[],"categories":[6],"tags":[12,52,70,93,147,163,165],"_links":{"self":[{"href":"https:\/\/blogs.eldiariomontanes.es\/laengana\/wp-json\/wp\/v2\/posts\/26"}],"collection":[{"href":"https:\/\/blogs.eldiariomontanes.es\/laengana\/wp-json\/wp\/v2\/posts"}],"about":[{"href":"https:\/\/blogs.eldiariomontanes.es\/laengana\/wp-json\/wp\/v2\/types\/post"}],"author":[{"embeddable":true,"href":"https:\/\/blogs.eldiariomontanes.es\/laengana\/wp-json\/wp\/v2\/users\/5"}],"replies":[{"embeddable":true,"href":"https:\/\/blogs.eldiariomontanes.es\/laengana\/wp-json\/wp\/v2\/comments?post=26"}],"version-history":[{"count":0,"href":"https:\/\/blogs.eldiariomontanes.es\/laengana\/wp-json\/wp\/v2\/posts\/26\/revisions"}],"wp:attachment":[{"href":"https:\/\/blogs.eldiariomontanes.es\/laengana\/wp-json\/wp\/v2\/media?parent=26"}],"wp:term":[{"taxonomy":"category","embeddable":true,"href":"https:\/\/blogs.eldiariomontanes.es\/laengana\/wp-json\/wp\/v2\/categories?post=26"},{"taxonomy":"post_tag","embeddable":true,"href":"https:\/\/blogs.eldiariomontanes.es\/laengana\/wp-json\/wp\/v2\/tags?post=26"}],"curies":[{"name":"wp","href":"https:\/\/api.w.org\/{rel}","templated":true}]}}