{"id":22,"date":"2011-11-01T22:16:47","date_gmt":"2011-11-01T22:16:47","guid":{"rendered":"http:\/\/blogs.eldiariomontanes.es\/laengana\/?p=22"},"modified":"2011-11-01T22:16:47","modified_gmt":"2011-11-01T22:16:47","slug":"el-otono-ilumina-la-traza-del-santander-mediterraneo","status":"publish","type":"post","link":"https:\/\/blogs.eldiariomontanes.es\/laengana\/2011\/11\/01\/el-otono-ilumina-la-traza-del-santander-mediterraneo\/","title":{"rendered":"El oto\u00f1o ilumina la traza del Santander-Mediterr\u00e1neo"},"content":{"rendered":"<div id=\"attachment_43\" style=\"width: 670px\" class=\"wp-caption alignleft\"><a href=\"\/laengana\/wp-content\/uploads\/sites\/15\/2012\/11\/DSCF0970.jpg\"><img aria-describedby=\"caption-attachment-43\" loading=\"lazy\" class=\"size-full wp-image-43\" title=\"DSCF0970\" src=\"\/laengana\/wp-content\/uploads\/sites\/15\/2012\/11\/DSCF0970.jpg\" alt=\"\" width=\"660\" height=\"438\" srcset=\"https:\/\/static-blogs.eldiariomontanes.es\/wp-content\/uploads\/sites\/15\/2012\/11\/DSCF0970.jpg 660w, https:\/\/static-blogs.eldiariomontanes.es\/wp-content\/uploads\/sites\/15\/2012\/11\/DSCF0970-300x199.jpg 300w\" sizes=\"(max-width: 660px) 100vw, 660px\" \/><\/a><p id=\"caption-attachment-43\" class=\"wp-caption-text\">Antigua estaci\u00f3n terminal de la l\u00ednea del Santander-Mediterr\u00e1neo que part\u00eda de Calatayud, en Cidad-Dosante (Burgos), clausurada el 1 de enero de 1985. T. COBO<\/p><\/div>\n<p><strong>HAZ CLIC <a href=\"http:\/\/cabeceras.eldiariomontanes.es\/imagenes-municipios\/santander\/3217\/otono-en-la-traza-del-santander-mediterraneo.html\" rel=\"external nofollow\">AQU\u00cd<\/a> PARA VER LA GALER\u00cdA DE IM\u00c1GENES<\/strong><\/p>\n<p>El follaje de los \u00e1rboles y arbustos que flanquean la malograda l\u00ednea del Santander-Mediterr\u00e1neo entre Cantabria y Burgos ha mudado del verde al ocre, cobrizo, amarillo, grana\u2026 y ha transformado esta senda en un radiante espect\u00e1culo. La antigua caja de la v\u00eda y las estaciones abandonadas se iluminan con el colorido tr\u00e1nsito de octubre a noviembre, en uno de los oto\u00f1os m\u00e1s benignos y c\u00e1lidos de los \u00faltimos a\u00f1os. (1 de noviembre de 2011)<\/p>\n<p>&nbsp;<\/p>\n<!-- AddThis Advanced Settings generic via filter on the_content --><!-- AddThis Share Buttons generic via filter on the_content -->","protected":false},"excerpt":{"rendered":"<p>HAZ CLIC AQU\u00cd PARA VER LA GALER\u00cdA DE IM\u00c1GENES El follaje de los \u00e1rboles y arbustos que flanquean la malograda l\u00ednea del Santander-Mediterr\u00e1neo entre Cantabria y Burgos ha mudado del verde al ocre, cobrizo, amarillo, grana\u2026 y ha transformado esta senda en un radiante espect\u00e1culo. La antigua caja de la v\u00eda y las estaciones abandonadas [&hellip;]<!-- AddThis Advanced Settings generic via filter on get_the_excerpt --><!-- AddThis Share Buttons generic via filter on get_the_excerpt --><\/p>\n","protected":false},"author":5,"featured_media":0,"comment_status":"open","ping_status":"closed","sticky":false,"template":"","format":"standard","meta":[],"categories":[3],"tags":[8,10,69,101,143],"_links":{"self":[{"href":"https:\/\/blogs.eldiariomontanes.es\/laengana\/wp-json\/wp\/v2\/posts\/22"}],"collection":[{"href":"https:\/\/blogs.eldiariomontanes.es\/laengana\/wp-json\/wp\/v2\/posts"}],"about":[{"href":"https:\/\/blogs.eldiariomontanes.es\/laengana\/wp-json\/wp\/v2\/types\/post"}],"author":[{"embeddable":true,"href":"https:\/\/blogs.eldiariomontanes.es\/laengana\/wp-json\/wp\/v2\/users\/5"}],"replies":[{"embeddable":true,"href":"https:\/\/blogs.eldiariomontanes.es\/laengana\/wp-json\/wp\/v2\/comments?post=22"}],"version-history":[{"count":0,"href":"https:\/\/blogs.eldiariomontanes.es\/laengana\/wp-json\/wp\/v2\/posts\/22\/revisions"}],"wp:attachment":[{"href":"https:\/\/blogs.eldiariomontanes.es\/laengana\/wp-json\/wp\/v2\/media?parent=22"}],"wp:term":[{"taxonomy":"category","embeddable":true,"href":"https:\/\/blogs.eldiariomontanes.es\/laengana\/wp-json\/wp\/v2\/categories?post=22"},{"taxonomy":"post_tag","embeddable":true,"href":"https:\/\/blogs.eldiariomontanes.es\/laengana\/wp-json\/wp\/v2\/tags?post=22"}],"curies":[{"name":"wp","href":"https:\/\/api.w.org\/{rel}","templated":true}]}}