{"id":962,"date":"2018-04-16T08:29:54","date_gmt":"2018-04-16T07:29:54","guid":{"rendered":"http:\/\/blogs.eldiariomontanes.es\/fueradecampo\/?p=962"},"modified":"2018-04-16T08:29:54","modified_gmt":"2018-04-16T07:29:54","slug":"schopenhauer-de-suburbio","status":"publish","type":"post","link":"https:\/\/blogs.eldiariomontanes.es\/fueradecampo\/2018\/04\/16\/schopenhauer-de-suburbio\/","title":{"rendered":"Schopenhauer de suburbio"},"content":{"rendered":"<div><strong>Una raz\u00f3n brillante<\/strong><\/div>\n<div><\/div>\n<div><\/div>\n<div><em>Le brio. 2017. 95 min. Francia. <\/em><\/div>\n<div><em>Direcci\u00f3n: Yvan Attal. M\u00fasica: Michael Brook. <\/em><\/div>\n<div><em>Fotograf\u00eda: R\u00e9my Chevrin.Reparto: Daniel Auteuil,\u00a0 Cam\u00e9lia Jordana,\u00a0 Jacques Brel,\u00a0 Serge Gainsbourg,\u00a0 Romain Gary, Yvonne Gradelet, Yasin Houicha. <\/em><\/div>\n<div><em>G\u00e9nero: Comedia | Salas. Pe\u00f1acastillo<\/em><\/div>\n<p><iframe loading=\"lazy\" src=\"https:\/\/www.youtube.com\/embed\/334vy53oukU\" width=\"560\" height=\"315\" frameborder=\"0\" allowfullscreen=\"allowfullscreen\"><\/iframe><\/p>\n<div>Las palabras mecen, estremecen, hieren, extra\u00f1an, queman. Tambi\u00e9n gobiernan, provocan, disponen, manejan\u2026En un tiempo de im\u00e1genes, desde los memes invasivos y grotescos a la superposici\u00f3n apresurada de iconos, el \u00faltimo gui\u00f1o taquillero del cine franc\u00e9s es una caricaturesca, eficaz y pegadiza reivindicaci\u00f3n del uso de la palabra, la oratoria y el arte de convencer. En la tradici\u00f3n de las relaciones imposibles, los contrastes educativos y los trayectos inici\u00e1ticos y de aprendizaje, \u2018Una raz\u00f3n brillante\u2019, sostenida sobre todo por la qu\u00edmica de la pareja protagonista, es un agitado encuentro profesor alumna entre citas de cl\u00e1sicos y retratos superficiales de barrio de la periferia. Entre Schopenhauer y los suburbios. Entre latinajos y la banlieue parisina. En tiempos en los que la ultraderecha francesa ha tomado posiciones inquietantes en el devenir del pa\u00eds vecino quiz\u00e1s este filme, juguet\u00f3n, aparentemente sencillo, se postule como necesario. Una defensa de la palabra, del sentido cr\u00edtico como camino de libertad y ejercicio dramedia impulsiva con dos excelentes int\u00e9rpretes al frente. Un perfil que tambi\u00e9n reclama atenci\u00f3n sobre la necesidad del maestro y gu\u00eda en tiempos gregarios, de redes y enredaderas de manipulaci\u00f3n y polic\u00edas del pensamiento. Yvan Atta, cineasta de \u2018Est\u00e1n por todas partes\u2019, opta por una realizaci\u00f3n que escapa de la comedia francesa al uso pero se muestra limitado a la hora de aportar originalidad y fuerza a ese paisaje de contrarios en el que basa la trama: entre lo oficial y lo marginal, lo acad\u00e9mico y la calle, el profesor machista y racista y la alumna que se muestra distante y esc\u00e9ptica con la integraci\u00f3n social. No hay tiempos muertos en \u2018Una raz\u00f3n brillante\u2019. Desde la llegada al aula de la joven en su primera incursi\u00f3n universitaria el filme evita lo superfluo y abre el combate cara a cara de la pareja, tan obvio y eficaz como instalado e integrado en la cultura de masas. La pel\u00edcula se abre con im\u00e1genes de archivo y significativas declaraciones de Serge Gainsbourg y Jacques Brel, por ejemplo. Una determinada militancia en lo corrosivo que se vuelve luego mainstream de cabecera, aunque la cinta nunca deje de ser interesante. El juego con \u2018My fair lady\u2019 y el mito de Pigmali\u00f3n, de \u2018Rebeli\u00f3n en las aulas\u2019 a \u2018Educando a Rita\u2019, funciona pero no deja de ser un resorte que frena lo esencial. Ese perfume de ataque a lo pol\u00edticamente correcto y de batalla dial\u00e9ctica a medida que avanza la trama se va domesticando. Daniel Auteuil y Cam\u00e9lia Jordana encarnan con convicci\u00f3n y serena seducci\u00f3n el equilibrio entre la inteligencia y lo emocional. A la espera de \u2018El buen maestro\u2019, otra incursi\u00f3n del cine franc\u00e9s en la educaci\u00f3n, vale la pena detenerse en este duelo por dominar el verbo en un mundo de im\u00e1genes. Al cabo, lo mejor del filme es escuchar al protagonista recitar, como una isla m\u00e1gica, los versos de Baudelaire en \u2018Las flores del mal\u2019. Eso s\u00ed que es resistencia, rebeli\u00f3n e incorrecci\u00f3n.<\/div>\n<!-- AddThis Advanced Settings generic via filter on the_content --><!-- AddThis Share Buttons generic via filter on the_content -->","protected":false},"excerpt":{"rendered":"<p>Una raz\u00f3n brillante Le brio. 2017. 95 min. Francia. Direcci\u00f3n: Yvan Attal. M\u00fasica: Michael Brook. Fotograf\u00eda: R\u00e9my Chevrin.Reparto: Daniel Auteuil,\u00a0 Cam\u00e9lia Jordana,\u00a0 Jacques Brel,\u00a0 Serge Gainsbourg,\u00a0 Romain Gary, Yvonne Gradelet, Yasin Houicha. G\u00e9nero: Comedia | Salas. Pe\u00f1acastillo Las palabras mecen, estremecen, hieren, extra\u00f1an, queman. Tambi\u00e9n gobiernan, provocan, disponen, manejan\u2026En un tiempo de im\u00e1genes, desde los [&hellip;]<!-- AddThis Advanced Settings generic via filter on get_the_excerpt --><!-- AddThis Share Buttons generic via filter on get_the_excerpt --><\/p>\n","protected":false},"author":6,"featured_media":0,"comment_status":"open","ping_status":"open","sticky":false,"template":"","format":"standard","meta":[],"categories":[437],"tags":[613,83,612,287],"_links":{"self":[{"href":"https:\/\/blogs.eldiariomontanes.es\/fueradecampo\/wp-json\/wp\/v2\/posts\/962"}],"collection":[{"href":"https:\/\/blogs.eldiariomontanes.es\/fueradecampo\/wp-json\/wp\/v2\/posts"}],"about":[{"href":"https:\/\/blogs.eldiariomontanes.es\/fueradecampo\/wp-json\/wp\/v2\/types\/post"}],"author":[{"embeddable":true,"href":"https:\/\/blogs.eldiariomontanes.es\/fueradecampo\/wp-json\/wp\/v2\/users\/6"}],"replies":[{"embeddable":true,"href":"https:\/\/blogs.eldiariomontanes.es\/fueradecampo\/wp-json\/wp\/v2\/comments?post=962"}],"version-history":[{"count":1,"href":"https:\/\/blogs.eldiariomontanes.es\/fueradecampo\/wp-json\/wp\/v2\/posts\/962\/revisions"}],"predecessor-version":[{"id":963,"href":"https:\/\/blogs.eldiariomontanes.es\/fueradecampo\/wp-json\/wp\/v2\/posts\/962\/revisions\/963"}],"wp:attachment":[{"href":"https:\/\/blogs.eldiariomontanes.es\/fueradecampo\/wp-json\/wp\/v2\/media?parent=962"}],"wp:term":[{"taxonomy":"category","embeddable":true,"href":"https:\/\/blogs.eldiariomontanes.es\/fueradecampo\/wp-json\/wp\/v2\/categories?post=962"},{"taxonomy":"post_tag","embeddable":true,"href":"https:\/\/blogs.eldiariomontanes.es\/fueradecampo\/wp-json\/wp\/v2\/tags?post=962"}],"curies":[{"name":"wp","href":"https:\/\/api.w.org\/{rel}","templated":true}]}}