{"id":951,"date":"2018-04-10T08:42:54","date_gmt":"2018-04-10T07:42:54","guid":{"rendered":"http:\/\/blogs.eldiariomontanes.es\/fueradecampo\/?p=951"},"modified":"2018-04-10T08:42:54","modified_gmt":"2018-04-10T07:42:54","slug":"una-canasta-de-diferencia","status":"publish","type":"post","link":"https:\/\/blogs.eldiariomontanes.es\/fueradecampo\/2018\/04\/10\/una-canasta-de-diferencia\/","title":{"rendered":"Una canasta de diferencia"},"content":{"rendered":"<div><\/div>\n<p>Campeones<\/p>\n<div><\/div>\n<div><em>2018 124 min. Espa\u00f1a. Direcci\u00f3n: Javier Fesser. <\/em><\/div>\n<div><em>Guion: David Marqu\u00e9s y Fesser. M\u00fasica: Rafael Arnau. <\/em><\/div>\n<div><em>Fotograf\u00eda: Chechu Graf. Reparto: Javier Guti\u00e9rrez,\u00a0 Juan Margallo,\u00a0 Luisa Gavasa, Jes\u00fas Vidal,Athenea Mata.<\/em><\/div>\n<div><em>Comedia. | Cinesa y Pe\u00f1acastillo.<\/em><\/div>\n<p><iframe loading=\"lazy\" src=\"https:\/\/www.youtube.com\/embed\/C0p5-b3YwIM\" width=\"560\" height=\"315\" frameborder=\"0\" allowfullscreen=\"allowfullscreen\"><\/iframe><\/p>\n<div><\/div>\n<div>A pesar del realismo obvio y desnudo que preside esta historia, en ning\u00fan momento abandona el tono de cuento, la coartada casi surreal y ese lado l\u00fadico de vi\u00f1eta y tebeo. Javier Fesser juega en serio y mete muchas canastas en \u2018Campeones\u2019: la del elogio de la diferencia, la de la solidaridad, la de llamar las cosas por su nombre. Se agradece que el cineasta de \u2018Camino\u2019 eluda el ternurismo, d\u00e9 un corte de mangas a lo pol\u00edticamente correcto y combine con destreza y acierto lo \u00e1cido con lo contundente, alejado de la mirada compasiva, la hipocres\u00eda y el deporte patrio de poner etiquetas, simular ante el personal y mirar para otro lado. Antes que nada cabe destacar que sea con tintes de comedia negra, surreal, par\u00f3dica o simplemente juguetona, lo cierto es que \u2018Campeones\u2019 es una pel\u00edcula divertida y eso entre tanta comedia estereotipada y gripada ya dice mucho del responsable de llevar a la pantalla a Ib\u00e1\u00f1ez\u00a0 y su Mortadelo y Filem\u00f3n. De hecho, Fesser no se aparta demasiado de ese mundo que tan bien conoce para retratar a un grupo de discapacitados intelectuales empe\u00f1ados, pese a las apariencias, en convertirse en un equipo de baloncesto. La presentaci\u00f3n de los personajes propicia momentos hilarantes al fundamentar su descripci\u00f3n y mirada de complicidad en los contrastes de c\u00f3digos y lenguajes entre el variopinto grupo protagonista (que bien podr\u00eda protagonizar una serie) y su entrenador, un inmenso Javier Guti\u00e9rrez, que si no se deja quemar, lleva camino sin duda de ser el Jos\u00e9 Luis L\u00f3pez V\u00e1zquez de nuestro tiempo por el peso de sus presencias en cada aparici\u00f3n. \u2018Campeones\u2019 es \u00e1cida y risue\u00f1a, golpea bajo donde duele socialmente y es valiente y arriesgada en algunos momentos. L\u00e1stima que caiga en la hip\u00e9rbole de un tramo final en el que reitera y prolonga algunas situaciones innecesariamente, cayendo en el exceso y regode\u00e1ndose en varias subtramas cuando ya ten\u00eda la ficci\u00f3n atrapada por el cuello. Fesser, que domina las distancias cortas, saca partido del uno contra uno entre su protagonista y el mundo intransferible y diferente d\u00e9 cada entusiasta deportistas de verbo limitado pero transparente, consciente de su lugar en el mundo. Reserva el cineasta para momentos oportunos, casi siempre sin subrayados, el minuto de mensaje: la pregunta sobre la normalidad y lo que no lo es subyace en esta opereta bufa que nunca baja la guardia. M\u00e1s que los gag, que los hay y muy buenos, y que el conjunto destile verdad, lo importante es que la mirada de Fesser es respetuosa y la reivindicaci\u00f3n de los derechos de la diferencia est\u00e1 siempre presente. El descenso melodram\u00e1tico en busca de la l\u00e1grima final emborrona un partido vital, de estrategia y moral, s\u00ed, pero que carga de personales a muchos colectivos sociales y redes, y logra canastas festivas. Frente a los chistes de la comedia gamberra, \u2018Campeones\u2019, con m\u00e1s o menos comicidad, y su gran direcci\u00f3n de actores, desprende un sentido humanista que para s\u00ed quisieran muchas campa\u00f1as hip\u00f3critas que basan su gancho en el artificio.<\/div>\n<div>\n<div class=\"yj6qo\"><\/div>\n<\/div>\n<!-- AddThis Advanced Settings generic via filter on the_content --><!-- AddThis Share Buttons generic via filter on the_content -->","protected":false},"excerpt":{"rendered":"<p>Campeones 2018 124 min. Espa\u00f1a. Direcci\u00f3n: Javier Fesser. Guion: David Marqu\u00e9s y Fesser. M\u00fasica: Rafael Arnau. Fotograf\u00eda: Chechu Graf. Reparto: Javier Guti\u00e9rrez,\u00a0 Juan Margallo,\u00a0 Luisa Gavasa, Jes\u00fas Vidal,Athenea Mata. Comedia. | Cinesa y Pe\u00f1acastillo. A pesar del realismo obvio y desnudo que preside esta historia, en ning\u00fan momento abandona el tono de cuento, la coartada [&hellip;]<!-- AddThis Advanced Settings generic via filter on get_the_excerpt --><!-- AddThis Share Buttons generic via filter on get_the_excerpt --><\/p>\n","protected":false},"author":6,"featured_media":0,"comment_status":"open","ping_status":"open","sticky":false,"template":"","format":"standard","meta":[],"categories":[476],"tags":[605,83,287],"_links":{"self":[{"href":"https:\/\/blogs.eldiariomontanes.es\/fueradecampo\/wp-json\/wp\/v2\/posts\/951"}],"collection":[{"href":"https:\/\/blogs.eldiariomontanes.es\/fueradecampo\/wp-json\/wp\/v2\/posts"}],"about":[{"href":"https:\/\/blogs.eldiariomontanes.es\/fueradecampo\/wp-json\/wp\/v2\/types\/post"}],"author":[{"embeddable":true,"href":"https:\/\/blogs.eldiariomontanes.es\/fueradecampo\/wp-json\/wp\/v2\/users\/6"}],"replies":[{"embeddable":true,"href":"https:\/\/blogs.eldiariomontanes.es\/fueradecampo\/wp-json\/wp\/v2\/comments?post=951"}],"version-history":[{"count":1,"href":"https:\/\/blogs.eldiariomontanes.es\/fueradecampo\/wp-json\/wp\/v2\/posts\/951\/revisions"}],"predecessor-version":[{"id":952,"href":"https:\/\/blogs.eldiariomontanes.es\/fueradecampo\/wp-json\/wp\/v2\/posts\/951\/revisions\/952"}],"wp:attachment":[{"href":"https:\/\/blogs.eldiariomontanes.es\/fueradecampo\/wp-json\/wp\/v2\/media?parent=951"}],"wp:term":[{"taxonomy":"category","embeddable":true,"href":"https:\/\/blogs.eldiariomontanes.es\/fueradecampo\/wp-json\/wp\/v2\/categories?post=951"},{"taxonomy":"post_tag","embeddable":true,"href":"https:\/\/blogs.eldiariomontanes.es\/fueradecampo\/wp-json\/wp\/v2\/tags?post=951"}],"curies":[{"name":"wp","href":"https:\/\/api.w.org\/{rel}","templated":true}]}}