{"id":637,"date":"2017-04-21T09:01:31","date_gmt":"2017-04-21T08:01:31","guid":{"rendered":"http:\/\/blogs.eldiariomontanes.es\/fueradecampo\/?p=637"},"modified":"2017-04-25T12:55:22","modified_gmt":"2017-04-25T11:55:22","slug":"mas-juicio-que-historia","status":"publish","type":"post","link":"https:\/\/blogs.eldiariomontanes.es\/fueradecampo\/2017\/04\/21\/mas-juicio-que-historia\/","title":{"rendered":"M\u00e1s juicio que historia"},"content":{"rendered":"<p><strong>Negaci\u00f3n<\/strong><\/p>\n<p><em>Reino Unido. 2016.\u00a0 110 min (TP). Drama. <\/em><\/p>\n<p><em>Director: Mick Jackson. <\/em><\/p>\n<p><em>Int\u00e9rpretes: Rachel Weisz,\u00a0 Tom Wilkinson,\u00a0 Timothy Spall,\u00a0 Andrew Scott y\u00a0 Caren Pistorius. <\/em><\/p>\n<p><em>Salas: Cinesa y Pe\u00f1acastillo.<\/em><\/p>\n<p><iframe loading=\"lazy\" src=\"https:\/\/www.youtube.com\/embed\/aQAZD2nt-ZY\" width=\"560\" height=\"315\" frameborder=\"0\" allowfullscreen=\"allowfullscreen\"><\/iframe><\/p>\n<p>En tiempos de estridencia, ruido y vueltas de tuerca, entre el eufemismo y la reverberaci\u00f3n de la mentira, bueno es toparse con un filme sobrio y exento de esa espectacularidad que busca tapar los agujeros negros y la falta de talento. \u2018Negaci\u00f3n\u2019, un pulso judicial con tensi\u00f3n y desfile de grandes interpretaciones, supera la est\u00e9tica de telefilme mediante una estrategia narrativa basada en un suspense hist\u00f3rico, en una encendida empat\u00eda y una elegante puesta en escena sin artificios ni decoraci\u00f3n superflua. Mick Jackson que, a excepci\u00f3n de \u2018El guardaespaldas\u2019 y \u2018Fuego sobre Bagdad\u2019, ha desarrollado una trayectoria vinculada a la televisi\u00f3n, firma un drama judicial con caligraf\u00eda a veces claustrof\u00f3bica, otras convencional, pero sin caer en esa representaci\u00f3n plana tan frecuente en los formatos ad hoc de pel\u00edculas de juicios, casi siempre herm\u00e9ticas. El duelo y la rivalidad en torno a quienes documentan el Holocausto y los negacionistas sistem\u00e1ticos del horror del exterminio jud\u00edo practicado por Hitler\u00a0 en los hornos crematorios, es el fundamento que vertebra este juego dial\u00e9ctico, m\u00e1s jur\u00eddico que hist\u00f3rico, en un intercambio de golpes bajos, estrat\u00e9gicas cruzadas, egos y competici\u00f3n entre bufetes, historiadores, falsificaciones y falacias, con el dolor al fondo. La \u00e9tica, la pasi\u00f3n, lo visceral, la ley y la raz\u00f3n son los fragmentos y los totales de este cat\u00e1logo de ideas y argumentos\u00a0 expuesto tambi\u00e9n de manera fragmentaria procurando alternar el discurso acad\u00e9mico, la fidelidad de los datos contrapuestos y algunas gotas de ecos emocionales. El escritor e historiador ingl\u00e9s David Irving , con escasa reputaci\u00f3n, logr\u00f3 sin embargo provocar m\u00e1s que ruido al demandar ante la judicatura inglesa a la historiadora americana y jud\u00eda Deborah Lipstadt por haber desacreditado sus libros sobre Hitler con difamaciones. La paradoja radica en que la demandada ten\u00eda que demostrar su inocencia de calumnia. El filme que se detiene a menudo, pero sin propagandas innecesarias sobre el odio antisemita, juega su mejor baza en el tono, en el trazo de suspense que impregna el discurrir de los gestos, atm\u00f3sferas y detalles. Conocido el desenlance y la obviedad del genocidio, \u2018Negaci\u00f3n\u2019 hace hincapi\u00e9 con atractiva intensidad en la forma en que los agentes judiciales mueven su ficha en la sombra o en el escaparate medi\u00e1tico. Un caso real, una escritura sostenida sin altibajos y\u00a0 un duelo de toga y sinraz\u00f3n, de lucidez y profesionalidad, de sentimientos y personalidad escenificado en los trabajos de\u00a0 Timothy Spall y Tom Wilkinson. La pel\u00edcula deja que los supervivientes de la Shoah sean una sombra emocional permanente e ilustra con contenida mirada una visita al campo de Auschwitz. El dramaturgo brit\u00e1nico David Hare, autor del guion, evita los caminos enredados y de forma esquem\u00e1tica y eficaz nos obliga a enfrentarnos al espejo de la realidad. En el presente de la posverdad y otras mentiras disfrazadas este thriller judicial se antoja una transparente bofetada en la cara de la polic\u00eda del pensamiento.<\/p>\n<p>&nbsp;<\/p>\n<!-- AddThis Advanced Settings generic via filter on the_content --><!-- AddThis Share Buttons generic via filter on the_content -->","protected":false},"excerpt":{"rendered":"<p>Negaci\u00f3n Reino Unido. 2016.\u00a0 110 min (TP). Drama. Director: Mick Jackson. Int\u00e9rpretes: Rachel Weisz,\u00a0 Tom Wilkinson,\u00a0 Timothy Spall,\u00a0 Andrew Scott y\u00a0 Caren Pistorius. Salas: Cinesa y Pe\u00f1acastillo. En tiempos de estridencia, ruido y vueltas de tuerca, entre el eufemismo y la reverberaci\u00f3n de la mentira, bueno es toparse con un filme sobrio y exento de [&hellip;]<!-- AddThis Advanced Settings generic via filter on get_the_excerpt --><!-- AddThis Share Buttons generic via filter on get_the_excerpt --><\/p>\n","protected":false},"author":6,"featured_media":0,"comment_status":"open","ping_status":"open","sticky":false,"template":"","format":"standard","meta":[],"categories":[1],"tags":[83,371,287],"_links":{"self":[{"href":"https:\/\/blogs.eldiariomontanes.es\/fueradecampo\/wp-json\/wp\/v2\/posts\/637"}],"collection":[{"href":"https:\/\/blogs.eldiariomontanes.es\/fueradecampo\/wp-json\/wp\/v2\/posts"}],"about":[{"href":"https:\/\/blogs.eldiariomontanes.es\/fueradecampo\/wp-json\/wp\/v2\/types\/post"}],"author":[{"embeddable":true,"href":"https:\/\/blogs.eldiariomontanes.es\/fueradecampo\/wp-json\/wp\/v2\/users\/6"}],"replies":[{"embeddable":true,"href":"https:\/\/blogs.eldiariomontanes.es\/fueradecampo\/wp-json\/wp\/v2\/comments?post=637"}],"version-history":[{"count":2,"href":"https:\/\/blogs.eldiariomontanes.es\/fueradecampo\/wp-json\/wp\/v2\/posts\/637\/revisions"}],"predecessor-version":[{"id":639,"href":"https:\/\/blogs.eldiariomontanes.es\/fueradecampo\/wp-json\/wp\/v2\/posts\/637\/revisions\/639"}],"wp:attachment":[{"href":"https:\/\/blogs.eldiariomontanes.es\/fueradecampo\/wp-json\/wp\/v2\/media?parent=637"}],"wp:term":[{"taxonomy":"category","embeddable":true,"href":"https:\/\/blogs.eldiariomontanes.es\/fueradecampo\/wp-json\/wp\/v2\/categories?post=637"},{"taxonomy":"post_tag","embeddable":true,"href":"https:\/\/blogs.eldiariomontanes.es\/fueradecampo\/wp-json\/wp\/v2\/tags?post=637"}],"curies":[{"name":"wp","href":"https:\/\/api.w.org\/{rel}","templated":true}]}}