{"id":1033,"date":"2018-07-03T10:07:44","date_gmt":"2018-07-03T09:07:44","guid":{"rendered":"http:\/\/blogs.eldiariomontanes.es\/fueradecampo\/?p=1033"},"modified":"2018-07-03T10:07:44","modified_gmt":"2018-07-03T09:07:44","slug":"malamente","status":"publish","type":"post","link":"https:\/\/blogs.eldiariomontanes.es\/fueradecampo\/2018\/07\/03\/malamente\/","title":{"rendered":"Malamente"},"content":{"rendered":"<p><strong>El mundo es suyo\u00a0<\/strong><\/p>\n<div>\n<div>\n<div><em>2018 92 min. Espa\u00f1a. Direcci\u00f3n: Alfonso S\u00e1nchez. <\/em><\/div>\n<div><em>M\u00fasica: Pepe Begines. Fotograf\u00eda: Fran Fern\u00e1ndez Pardo. <\/em><\/div>\n<div><em>Reparto: Alberto L\u00f3pez,\u00a0 Alfonso S\u00e1nchez,\u00a0 Carlos Olalla,\u00a0 Carlos Urban. <\/em><\/div>\n<div><em>G\u00e9nero: Comedia | Salas: Cinesa y Pe\u00f1acastillo<\/em><\/div>\n<p><iframe loading=\"lazy\" src=\"https:\/\/www.youtube.com\/embed\/-ZzXG0IXdCg\" width=\"560\" height=\"315\" frameborder=\"0\" allowfullscreen=\"allowfullscreen\"><\/iframe><\/p>\n<\/div>\n<div>Si la cosa pretende ser tan pat\u00e9tica como algunos de los fragmentos y espejos nada deformantes de la realidad que retrata, este di\u00e1logo eterno entre compadres lo consigue. El duelo permanente pasa por jugar a la ruleta rusa entre ser gracioso y tener gracia. \u2018El mundo es suyo\u2019 va de la picaresca eterna a\u00a0 los caraduras ocasionales, entre cierta silueta sociol\u00f3gica de la Espa\u00f1a de hoy (donde antes eran \u2018las autonosuyas\u2019 ahora es el colegueo de complicidad, corrupci\u00f3n e instalaci\u00f3n en el \u2018me parto\u2019) y el itinerario por los estereotipos: el taxista, el pisito de la droga, los se\u00f1oritos y los par\u00e1sitos, los partidos y sus intereses y hasta la mafia rusa ganando terreno entre tantas salsas. El t\u00e1ndem formado por Alfonso S\u00e1nchez (actor y director) y Alberto L\u00f3pez, tras una sucesi\u00f3n de cortometrajes y la realizaci\u00f3n de \u2018El mundo es nuestro\u2019 regresa con una entrega que se reafirma en su car\u00e1cter de comedia popular a trav\u00e9s de esta especie de zipi y zape adultos, los Rafi y Fali que aqu\u00ed sufren la persecuci\u00f3n hasta de sus sombras. El argumento es estupidizante, el macguffin es un traje de primera comuni\u00f3n y el ejercicio c\u00f3mico se fundamenta en la reiteraci\u00f3n de gags verbales y en una peregrinaci\u00f3n sevillana tan cansina como supuestamente eficaz a la hora de describir la tipolog\u00eda de la fauna y flora de la hipocres\u00eda y las miserias sociales. Por abus\u00f3n y machac\u00f3n, entre el verm\u00fa, el fino y el gin tonic, la cosa no funciona y el juego a lo dos tontos muy tontos resulta un tanto t\u00edmido a la postre pues se queda a media camino entre la caricatura y el absurdo. A veces todo parece un tebeo, una especie de trasunto de Mortadelo y Filem\u00f3n de la piller\u00eda y el rebujito. Pero esto ya no es el territorio YouTube y la provocaci\u00f3n o la conexi\u00f3n entre gamberrismo e indignaci\u00f3n da paso a una parodia y\u00a0 un estilete cr\u00edtico que se agradece pero que no siempre acierta ni con la punta del dardo ni con la diana. Una especie de \u2018Jo, \u00a1qu\u00e9 noche!\u2019 pero bajo el sol de Sevilla, el delirio y el esperpento malamente encajados, o conviviendo bajo la dictadura de dos personajes que tratan de imponerse hasta cuando el guion ped\u00eda otra cosa. \u2018El mundo es suyo\u2019 discurre entre lo cafre y el esabor\u00edo, y la jarana con banderitas espa\u00f1ola de pulserita y cintur\u00f3n y los zapatos castellanos. Todo es endog\u00e1mico y excesivo con lo que la posible fuerza de la gracia se pierde sin remedio, especialmente en un arranque deslavazado. Una especie de resac\u00f3n andaluz, de gazpacho de compadreo y t\u00f3picos refrescantes, que pasar\u00eda por ser la versi\u00f3n vulgar y de barriada de Azcona y Berlanga. Entre la cigalita y la copa de bal\u00f3n, marchando una de sevillanas con m\u00e1s amago de salero que de pa\u00eds zarandeado por la bufonada y pantomima carentes de finura.<\/div>\n<\/div>\n<!-- AddThis Advanced Settings generic via filter on the_content --><!-- AddThis Share Buttons generic via filter on the_content -->","protected":false},"excerpt":{"rendered":"<p>El mundo es suyo\u00a0 2018 92 min. Espa\u00f1a. Direcci\u00f3n: Alfonso S\u00e1nchez. M\u00fasica: Pepe Begines. Fotograf\u00eda: Fran Fern\u00e1ndez Pardo. Reparto: Alberto L\u00f3pez,\u00a0 Alfonso S\u00e1nchez,\u00a0 Carlos Olalla,\u00a0 Carlos Urban. G\u00e9nero: Comedia | Salas: Cinesa y Pe\u00f1acastillo Si la cosa pretende ser tan pat\u00e9tica como algunos de los fragmentos y espejos nada deformantes de la realidad que retrata, [&hellip;]<!-- AddThis Advanced Settings generic via filter on get_the_excerpt --><!-- AddThis Share Buttons generic via filter on get_the_excerpt --><\/p>\n","protected":false},"author":6,"featured_media":0,"comment_status":"open","ping_status":"open","sticky":false,"template":"","format":"standard","meta":[],"categories":[476],"tags":[83,653,654,287],"_links":{"self":[{"href":"https:\/\/blogs.eldiariomontanes.es\/fueradecampo\/wp-json\/wp\/v2\/posts\/1033"}],"collection":[{"href":"https:\/\/blogs.eldiariomontanes.es\/fueradecampo\/wp-json\/wp\/v2\/posts"}],"about":[{"href":"https:\/\/blogs.eldiariomontanes.es\/fueradecampo\/wp-json\/wp\/v2\/types\/post"}],"author":[{"embeddable":true,"href":"https:\/\/blogs.eldiariomontanes.es\/fueradecampo\/wp-json\/wp\/v2\/users\/6"}],"replies":[{"embeddable":true,"href":"https:\/\/blogs.eldiariomontanes.es\/fueradecampo\/wp-json\/wp\/v2\/comments?post=1033"}],"version-history":[{"count":1,"href":"https:\/\/blogs.eldiariomontanes.es\/fueradecampo\/wp-json\/wp\/v2\/posts\/1033\/revisions"}],"predecessor-version":[{"id":1034,"href":"https:\/\/blogs.eldiariomontanes.es\/fueradecampo\/wp-json\/wp\/v2\/posts\/1033\/revisions\/1034"}],"wp:attachment":[{"href":"https:\/\/blogs.eldiariomontanes.es\/fueradecampo\/wp-json\/wp\/v2\/media?parent=1033"}],"wp:term":[{"taxonomy":"category","embeddable":true,"href":"https:\/\/blogs.eldiariomontanes.es\/fueradecampo\/wp-json\/wp\/v2\/categories?post=1033"},{"taxonomy":"post_tag","embeddable":true,"href":"https:\/\/blogs.eldiariomontanes.es\/fueradecampo\/wp-json\/wp\/v2\/tags?post=1033"}],"curies":[{"name":"wp","href":"https:\/\/api.w.org\/{rel}","templated":true}]}}