{"id":1023,"date":"2018-06-25T08:25:16","date_gmt":"2018-06-25T07:25:16","guid":{"rendered":"http:\/\/blogs.eldiariomontanes.es\/fueradecampo\/?p=1023"},"modified":"2018-06-25T08:25:16","modified_gmt":"2018-06-25T07:25:16","slug":"didactismo-y-ligereza","status":"publish","type":"post","link":"https:\/\/blogs.eldiariomontanes.es\/fueradecampo\/2018\/06\/25\/didactismo-y-ligereza\/","title":{"rendered":"Didactismo y ligereza"},"content":{"rendered":"<div><\/div>\n<div><strong>El orden divino<\/strong><\/div>\n<div>\n<div><\/div>\n<div><em>Die g\u00f6ttliche Ordnung 2017 96 min. Suiza. Direcci\u00f3n: Petra Biondina Volpe.<\/em><\/div>\n<div><em>Guion: Petra Biondina Volpe. M\u00fasica: Annette Focks. Fotograf\u00eda: Judith Kaufmann. <\/em><\/div>\n<div><em>Reparto: Marie Leuenberger,\u00a0 Maximilian Simonischek,\u00a0 Rachel Braunschweig,\u00a0 Sibylle Brunner, Marta Zoffoli,\u00a0 Bettina Stucky,\u00a0 Noe Krejc\u00ed,\u00a0 Finn Sutter,\u00a0 Peter Freiburghaus, Therese Affolter. G\u00e9nero: Drama | Salas: Groucho<\/em><\/div>\n<p><iframe loading=\"lazy\" src=\"https:\/\/www.youtube.com\/embed\/m91K9wplw5E\" width=\"560\" height=\"315\" frameborder=\"0\" allowfullscreen=\"allowfullscreen\"><\/iframe><\/p>\n<\/div>\n<div>Es amable y llevadera y conjuga con encanto la comedia con el drama, lo social con lo \u00edntimo, el hecho hist\u00f3rico con la cr\u00f3nica y la ficci\u00f3n. Fen\u00f3meno cinematogr\u00e1fico de Suiza, femenino y feminista en lo creativo y en su efectividad, \u2018El orden divino\u2019 es un filme de postal, realizado con inteligencia pero sin hondura ni desgarro. La cineasta Petra Biondina Volpe se sit\u00faa, en ocasiones, m\u00e1s cerca de la caricatura y la f\u00e1bula sociol\u00f3gica a la hora de recrear c\u00f3mo las mujeres suizas no adquirieron el derecho al voto hasta 1971. Mientras los rescoldos del 68 ard\u00edan en buena parte del mundo, aqu\u00ed las peque\u00f1as comunidades como las que retrata el filme viv\u00edan inmersas en un machismo, en un orden patriarcal reaccionario y en un sexismo repelente. La pel\u00edcula, de la mano de magn\u00edficas int\u00e9rpretes, excelente fotograf\u00eda y un aire naif y jovial durante la mayor parte de su metraje, se ocupa de las luchas reivindicativas de la mujer a trav\u00e9s de una radiograf\u00eda liviana, m\u00e1s l\u00fadica que verdaderamente pol\u00edtica. A la cineasta no le interesa tanto la soflama sufragista como una pulcra ambientaci\u00f3n setentera, de vestuario e incluso f\u00edsica de los personajes, caso de la excelente protagonista Marie Leuenberger. Todo es dom\u00e9stico, costumbrista, riguroso, sin aspavientos ni encendidos mensajes. El despertar y la represi\u00f3n sexual quiz\u00e1s ocupan los mejores momentos como la clase espiritual en la que se descubre la tipolog\u00eda de vaginas y la necesidad de aprender a tocarse. No hay \u00e9pica. Y la atm\u00f3sfera est\u00e1 m\u00e1s cerca de \u2018Cr\u00f3nicas de un pueblo\u2019 y \u2018Cu\u00e9ntame c\u00f3mo pas\u00f3\u2019 que de una de esas construcciones ambiciosas y grandilocuentes con exaltaci\u00f3n del mensaje. En su ligereza y solidez narrativas la directora de \u2018Traumland\u2019 (cinta pr\u00e1cticamente desconocida en Espa\u00f1a) logra su mejor baza. Es un filme de pinceladas, con enorme capacidad para crear una burbuja fugaz y, como tal, inconsistente pero suficientemente duradera para calar en la mirada. Juega con la complicidad, apela a la comicidad\u00a0 elocuente y a la inspiraci\u00f3n y al toque dulce que atraviesa casi todo el episodio. Su precisi\u00f3n es envidiable pero tambi\u00e9n puede ser una visi\u00f3n discutible ese encaje descriptivo de reloj de cuco y chocolate que transpira el juguete que maneja la cineasta a la hora de untar esa realidad de humor y feminismo. Petra Biondina lo tiene claro: lo did\u00e1ctico debe primar sobre cualquier mirada que imponga una complejidad o profundidad\u00a0 que pueda distraer el objetivo b\u00e1sico de esta ilustraci\u00f3n entretenida. Entre escenas, a modo de breves ejemplos, mutaciones de vestuario y de lo cotidiano, el filme va oponiendo una triste realidad para las mujeres con el patetismo, las contradicciones jocosas y esa acepci\u00f3n de un orden divino y humano fundamentado en la falacia y en las apariencias. Algunas miradas y gestos de su protagonista superan en eficacia al propio guion, pulcro y as\u00e9pticamente rotundo.<\/div>\n<!-- AddThis Advanced Settings generic via filter on the_content --><!-- AddThis Share Buttons generic via filter on the_content -->","protected":false},"excerpt":{"rendered":"<p>El orden divino Die g\u00f6ttliche Ordnung 2017 96 min. Suiza. Direcci\u00f3n: Petra Biondina Volpe. Guion: Petra Biondina Volpe. M\u00fasica: Annette Focks. Fotograf\u00eda: Judith Kaufmann. Reparto: Marie Leuenberger,\u00a0 Maximilian Simonischek,\u00a0 Rachel Braunschweig,\u00a0 Sibylle Brunner, Marta Zoffoli,\u00a0 Bettina Stucky,\u00a0 Noe Krejc\u00ed,\u00a0 Finn Sutter,\u00a0 Peter Freiburghaus, Therese Affolter. G\u00e9nero: Drama | Salas: Groucho Es amable y llevadera y [&hellip;]<!-- AddThis Advanced Settings generic via filter on get_the_excerpt --><!-- AddThis Share Buttons generic via filter on get_the_excerpt --><\/p>\n","protected":false},"author":6,"featured_media":0,"comment_status":"open","ping_status":"open","sticky":false,"template":"","format":"standard","meta":[],"categories":[437],"tags":[83,287],"_links":{"self":[{"href":"https:\/\/blogs.eldiariomontanes.es\/fueradecampo\/wp-json\/wp\/v2\/posts\/1023"}],"collection":[{"href":"https:\/\/blogs.eldiariomontanes.es\/fueradecampo\/wp-json\/wp\/v2\/posts"}],"about":[{"href":"https:\/\/blogs.eldiariomontanes.es\/fueradecampo\/wp-json\/wp\/v2\/types\/post"}],"author":[{"embeddable":true,"href":"https:\/\/blogs.eldiariomontanes.es\/fueradecampo\/wp-json\/wp\/v2\/users\/6"}],"replies":[{"embeddable":true,"href":"https:\/\/blogs.eldiariomontanes.es\/fueradecampo\/wp-json\/wp\/v2\/comments?post=1023"}],"version-history":[{"count":1,"href":"https:\/\/blogs.eldiariomontanes.es\/fueradecampo\/wp-json\/wp\/v2\/posts\/1023\/revisions"}],"predecessor-version":[{"id":1024,"href":"https:\/\/blogs.eldiariomontanes.es\/fueradecampo\/wp-json\/wp\/v2\/posts\/1023\/revisions\/1024"}],"wp:attachment":[{"href":"https:\/\/blogs.eldiariomontanes.es\/fueradecampo\/wp-json\/wp\/v2\/media?parent=1023"}],"wp:term":[{"taxonomy":"category","embeddable":true,"href":"https:\/\/blogs.eldiariomontanes.es\/fueradecampo\/wp-json\/wp\/v2\/categories?post=1023"},{"taxonomy":"post_tag","embeddable":true,"href":"https:\/\/blogs.eldiariomontanes.es\/fueradecampo\/wp-json\/wp\/v2\/tags?post=1023"}],"curies":[{"name":"wp","href":"https:\/\/api.w.org\/{rel}","templated":true}]}}