{"id":1018,"date":"2018-06-19T08:11:27","date_gmt":"2018-06-19T07:11:27","guid":{"rendered":"http:\/\/blogs.eldiariomontanes.es\/fueradecampo\/?p=1018"},"modified":"2018-06-19T08:11:27","modified_gmt":"2018-06-19T07:11:27","slug":"tan-amable-como-insipida","status":"publish","type":"post","link":"https:\/\/blogs.eldiariomontanes.es\/fueradecampo\/2018\/06\/19\/tan-amable-como-insipida\/","title":{"rendered":"Tan amable como ins\u00edpida"},"content":{"rendered":"<p><strong>El doctor de la felicidad<\/strong><\/p>\n<div>\n<div><em>Knock 2017 113 min. Francia. Direcci\u00f3n: Lorraine Levy. Guion: Novela: Jules Romains. <\/em><\/div>\n<div><em>M\u00fasica: Cyrille Aufort. Fotograf\u00eda: Emmanuel Soyer. Reparto: Omar Sy,\u00a0 Ana Girardot,\u00a0 Alex Lutz,\u00a0 H\u00e9l\u00e8ne Vincent,\u00a0 Pascal Elb\u00e9,\u00a0 Audrey Dana, Chantal Lauby,\u00a0 Christian Hecq <\/em><\/div>\n<div><em>G\u00e9nero: Comedia. Salas: Cinesa y Pe\u00f1acastillo<\/em><\/div>\n<p><iframe loading=\"lazy\" src=\"https:\/\/www.youtube.com\/embed\/MWcfIoE9zyg\" width=\"560\" height=\"315\" frameborder=\"0\" allowfullscreen=\"allowfullscreen\"><\/iframe><\/p>\n<\/div>\n<div>La cosa es tan amable y tiene tanto fondo teatral que acaba por parecer toda ella un decorado de cart\u00f3n piedra. La historia del p\u00edcaro convertido en m\u00e9dico que desembarca en un pueblecito franc\u00e9s se mueve entre la f\u00e1bula, el canto sin malicia a la convivencia y alguna que otra caricatura que desafina del conjunto. \u2018El doctor de la felicidad\u2019 quiere ser un parte del imaginario de Capra y tiene mucho de \u2018Chocolat\u2019 de Lasse Hallstr\u00f6m, pero sin apelaciones est\u00e9ticas ni el encanto de su personaje. Y aunque no da\u00f1a a la vista resulta desmayada a la par que alargada e insistente en su relato coral de tintes costumbristas. Para conseguirlo subraya en exceso los estereotipos. Si algunas pel\u00edculas de Margarethe von Trotta para levantar la bandera feminista inclu\u00edan personajes masculinos que resultaban ser todos tontos, aqu\u00ed Lorraine no es capaz de levantar un solo perfil que permita echar un pulso a Omar Sy, amo y se\u00f1or de la funci\u00f3n, actor que no parece haberse movido un \u00e1pice desde\u2019 Intocable\u2019, pasando por \u2018Incompatibles\u2019 y ratific\u00e1ndolo en la reciente \u2018Ma\u00f1ana empieza todo\u2019. Hay simpat\u00eda y sencillez pero la ambig\u00fcedad del tono no funciona. Hay predisposici\u00f3n a la comedia pero falta ritmo y tan pronto se busca la parodia fina como se persigue un impresionismo pintoresco. Entre dos aguas y con escasa empat\u00eda por este m\u00e9dico, que aconseja modales m\u00e1s que receta curas, el filme va discurriendo hacia tierra de nadie. Los personajes estereotipados no encuentran su lugar en el mundo,. Son mera tipolog\u00eda con paisaje al fondo. El retrato social \u2013el filme est\u00e1 ambientado en los a\u00f1os cincuenta \u2013 carece de profundidad. Todo el discurso transcurre amable, en la superficie de las cosas, entre la an\u00e9cdota y el ripio. La historia est\u00e1 envuelta en una burbuja buc\u00f3lica, pero tampoco melanc\u00f3lica, sino laxa y f\u00fatil. Bonachona y apacible, sin embargo, los entresijos de la condici\u00f3n humana son abordados con una insustancialidad tan exasperante que impide que la pel\u00edcula alcance alg\u00fan momento de celebraci\u00f3n, agitaci\u00f3n o de sorpresa. Por si fuera poco el toque moral est\u00e1 casi siempre presente; el sentido de la ejemplaridad parece inevitable; y el melodrama asoma como un ingrediente impostado pero obligado para el resorte seductor de la obra. El enfermo imaginario de Moli\u00e8re es la sombra que cruza un\u00a0 relato que a veces parece estar deseando llevar dentro un Tati que la despierte como comedia, y otras un guionista que desvele los matices y terrenos subliminales que subyacen bajo el ung\u00fcento de armon\u00eda y buenas intenciones que disfraza esta f\u00e1bula meliflua.<\/div>\n<div>\n<div class=\"yj6qo\"><\/div>\n<\/div>\n<!-- AddThis Advanced Settings generic via filter on the_content --><!-- AddThis Share Buttons generic via filter on the_content -->","protected":false},"excerpt":{"rendered":"<p>El doctor de la felicidad Knock 2017 113 min. Francia. Direcci\u00f3n: Lorraine Levy. Guion: Novela: Jules Romains. M\u00fasica: Cyrille Aufort. Fotograf\u00eda: Emmanuel Soyer. Reparto: Omar Sy,\u00a0 Ana Girardot,\u00a0 Alex Lutz,\u00a0 H\u00e9l\u00e8ne Vincent,\u00a0 Pascal Elb\u00e9,\u00a0 Audrey Dana, Chantal Lauby,\u00a0 Christian Hecq G\u00e9nero: Comedia. Salas: Cinesa y Pe\u00f1acastillo La cosa es tan amable y tiene tanto fondo [&hellip;]<!-- AddThis Advanced Settings generic via filter on get_the_excerpt --><!-- AddThis Share Buttons generic via filter on get_the_excerpt --><\/p>\n","protected":false},"author":6,"featured_media":0,"comment_status":"open","ping_status":"open","sticky":false,"template":"","format":"standard","meta":[],"categories":[437],"tags":[83,99,647,287],"_links":{"self":[{"href":"https:\/\/blogs.eldiariomontanes.es\/fueradecampo\/wp-json\/wp\/v2\/posts\/1018"}],"collection":[{"href":"https:\/\/blogs.eldiariomontanes.es\/fueradecampo\/wp-json\/wp\/v2\/posts"}],"about":[{"href":"https:\/\/blogs.eldiariomontanes.es\/fueradecampo\/wp-json\/wp\/v2\/types\/post"}],"author":[{"embeddable":true,"href":"https:\/\/blogs.eldiariomontanes.es\/fueradecampo\/wp-json\/wp\/v2\/users\/6"}],"replies":[{"embeddable":true,"href":"https:\/\/blogs.eldiariomontanes.es\/fueradecampo\/wp-json\/wp\/v2\/comments?post=1018"}],"version-history":[{"count":1,"href":"https:\/\/blogs.eldiariomontanes.es\/fueradecampo\/wp-json\/wp\/v2\/posts\/1018\/revisions"}],"predecessor-version":[{"id":1019,"href":"https:\/\/blogs.eldiariomontanes.es\/fueradecampo\/wp-json\/wp\/v2\/posts\/1018\/revisions\/1019"}],"wp:attachment":[{"href":"https:\/\/blogs.eldiariomontanes.es\/fueradecampo\/wp-json\/wp\/v2\/media?parent=1018"}],"wp:term":[{"taxonomy":"category","embeddable":true,"href":"https:\/\/blogs.eldiariomontanes.es\/fueradecampo\/wp-json\/wp\/v2\/categories?post=1018"},{"taxonomy":"post_tag","embeddable":true,"href":"https:\/\/blogs.eldiariomontanes.es\/fueradecampo\/wp-json\/wp\/v2\/tags?post=1018"}],"curies":[{"name":"wp","href":"https:\/\/api.w.org\/{rel}","templated":true}]}}