{"id":41,"date":"2009-09-24T18:51:00","date_gmt":"2009-09-24T18:51:00","guid":{"rendered":"http:\/\/blogs.eldiariomontanes.es\/elpaseante\/?p=41"},"modified":"2009-09-24T18:51:00","modified_gmt":"2009-09-24T18:51:00","slug":"las-perspectivas-del-tiempo","status":"publish","type":"post","link":"https:\/\/blogs.eldiariomontanes.es\/elpaseante\/2009\/09\/24\/las-perspectivas-del-tiempo\/","title":{"rendered":"Las perspectivas del tiempo"},"content":{"rendered":"<div class=\"p\" id=\"story-texto\">\n<div class=\"p\">De ni\u00f1o, el cumplea\u00f1os no llegaba nunca y el final de las vacaciones era tan triste como el ocaso del sol en el eterno Verano Azul. Aunque en los Escolapios pas\u00e9 horas que nunca olvidar\u00e9, entre las aulas de Canalejas la Navidad se hac\u00eda esperar tanto como esos d\u00edas que nos daban en carnavales. El tiempo es lento a una edad en la que se aspira a tener otra mayor.<\/p>\n<\/div>\n<div class=\"p\">Algo ha cambiado. Los anuncios de la &#8216;vuelta al cole&#8217; de El Corte Ingl\u00e9s me siguen despertando resquemor. Es algo as\u00ed como una ansiedad acumulada, similar a lo que los medios est\u00e1n creando con la gripe A, que va a matarnos de estr\u00e9s y de miedo m\u00e1s que de fiebre. Odio esos anuncios de ni\u00f1os sonrientes con abrigos, bufandas y carpetas nuevas. Pero el otro d\u00eda, plantado ante una de esas fotos me sorprend\u00ed deseando que terminara un verano que pas\u00f3 volando. \u00abS\u00ed, hombre, si no fue hace tanto&#8230; Har\u00e1 un par de a\u00f1os o tres\u00bb, le dices a un amigo de tu quinta al recordar esa cena que acab\u00f3 con sol. Y han pasado diez. Sent\u00ed ganas de invierno y de rutina. De menos gente por el centro y caras conocidas. De hacer de jornadas iguales, d\u00edas diferentes.<\/p>\n<\/div>\n<div class=\"p\">La edad cambia el concepto del tiempo (como pasa con los plazos y las preferencias del AVE). Cuando dejaba la mochila con los libros tirada en el suelo y escuchaba a mi madre re\u00f1irme para que me quitara los zapatos al entrar en casa, s\u00f3lo pensaba en sentarme a comer ante la tele. No hac\u00eda caso a esa voz que hablaba de la cena de nochebuena en octubre. \u00abNo ha acabado el verano y ya estamos en navidad&#8230;\u00bb, se o\u00eda. Faltaba un mundo que se ha esfumado.<\/p>\n<\/div>\n<div class=\"p\">Los meses tienen los mismos d\u00edas, pero se sienten distinto. Ahora Bolt galopa por el calendario. Tal vez la madurez consista en saber aprovechar un bien escaso y atrapar muchos minutos en el saco de las cosas importantes. \u00abUn d\u00eda m\u00e1s\u00bb, dije ayer al llegar a la oficina. \u00abO menos\u00bb, me dijeron. <\/div>\n<\/p><\/div>\n<!-- AddThis Advanced Settings generic via filter on the_content --><!-- AddThis Share Buttons generic via filter on the_content -->","protected":false},"excerpt":{"rendered":"<p>De ni\u00f1o, el cumplea\u00f1os no llegaba nunca y el final de las vacaciones era tan triste como el ocaso del sol en el eterno Verano Azul. Aunque en los Escolapios pas\u00e9 horas que nunca olvidar\u00e9, entre las aulas de Canalejas la Navidad se hac\u00eda esperar tanto como esos d\u00edas que nos daban en carnavales. El [&hellip;]<!-- AddThis Advanced Settings generic via filter on get_the_excerpt --><!-- AddThis Share Buttons generic via filter on get_the_excerpt --><\/p>\n","protected":false},"author":7,"featured_media":0,"comment_status":"open","ping_status":"closed","sticky":false,"template":"","format":"standard","meta":[],"categories":[2],"tags":[],"_links":{"self":[{"href":"https:\/\/blogs.eldiariomontanes.es\/elpaseante\/wp-json\/wp\/v2\/posts\/41"}],"collection":[{"href":"https:\/\/blogs.eldiariomontanes.es\/elpaseante\/wp-json\/wp\/v2\/posts"}],"about":[{"href":"https:\/\/blogs.eldiariomontanes.es\/elpaseante\/wp-json\/wp\/v2\/types\/post"}],"author":[{"embeddable":true,"href":"https:\/\/blogs.eldiariomontanes.es\/elpaseante\/wp-json\/wp\/v2\/users\/7"}],"replies":[{"embeddable":true,"href":"https:\/\/blogs.eldiariomontanes.es\/elpaseante\/wp-json\/wp\/v2\/comments?post=41"}],"version-history":[{"count":0,"href":"https:\/\/blogs.eldiariomontanes.es\/elpaseante\/wp-json\/wp\/v2\/posts\/41\/revisions"}],"wp:attachment":[{"href":"https:\/\/blogs.eldiariomontanes.es\/elpaseante\/wp-json\/wp\/v2\/media?parent=41"}],"wp:term":[{"taxonomy":"category","embeddable":true,"href":"https:\/\/blogs.eldiariomontanes.es\/elpaseante\/wp-json\/wp\/v2\/categories?post=41"},{"taxonomy":"post_tag","embeddable":true,"href":"https:\/\/blogs.eldiariomontanes.es\/elpaseante\/wp-json\/wp\/v2\/tags?post=41"}],"curies":[{"name":"wp","href":"https:\/\/api.w.org\/{rel}","templated":true}]}}