{"id":36,"date":"2009-03-09T14:58:15","date_gmt":"2009-03-09T14:58:15","guid":{"rendered":"http:\/\/blogs.eldiariomontanes.es\/elpaseante\/?p=36"},"modified":"2009-03-09T14:58:15","modified_gmt":"2009-03-09T14:58:15","slug":"una-noche-ante-televisor","status":"publish","type":"post","link":"https:\/\/blogs.eldiariomontanes.es\/elpaseante\/2009\/03\/09\/una-noche-ante-televisor\/","title":{"rendered":"Una noche ante el televisor"},"content":{"rendered":"<div class=\"p\" id=\"story-texto\">\n<div class=\"p\">El tiempo maneja sus propias contradicciones. A medida que te haces mayor, corre mucho m\u00e1s r\u00e1pido. El verano que nunca llegaba ahora est\u00e1 siempre a la vuelta de la esquina y el cumplea\u00f1os parece tener prisa en aparecer para recordarte que cada minuto vivido empieza a formar parte del pasado.<\/p>\n<\/div>\n<div class=\"p\">El tiempo, los a\u00f1os, el \u00e1nimo, aprovechar cada rato, ser feliz&#8230; Estoy reflexivo. No me escondo. Sobre la mesita reposa &#8216;Amigos: Adi\u00f3s a la soledad&#8217;, de Enrique Rojas. Prefiero una buena conversaci\u00f3n que una noche de copas. Soy m\u00e1s tolerante y tengo menos miedo a decir lo que siento. Incluso lloro m\u00e1s ante el televisor. Y de \u00e9so va este art\u00edculo, despu\u00e9s de tantas vueltas. De llorar ante la pantalla y de la \u00faltima historia que consigui\u00f3 hacer rodar una l\u00e1grima por mi sal\u00f3n. Y no fue un beso de pel\u00edcula, ni el final feliz de &#8216;El hijo de la novia&#8217;, ni la duod\u00e9cima muerte de Chanquete. Ni siquiera la \u00faltima estad\u00edstica de esta crisis que, unida al cielo gris, invita a mirar hacia el suelo. Fue un anuncio. Fue el relato de un anciano centenario con poso en la voz que le dice a una reci\u00e9n nacida que es \u00abun suertudo\u00bb por haber vivido, por seguir aqu\u00ed, por poder abrazar a su mujer&#8230; \u00abNo te entretengas en tonter\u00edas, que las hay, y vete a buscar lo que te haga feliz\u00bb. Al carajo con los que dicen que no es buen momento para vivir, para aprovechar un tiempo que \u00abcorre muy deprisa\u00bb, para despertarse y pensar que puede ser un gran d\u00eda pese a lo que diga el telediario.<\/p>\n<\/div>\n<div class=\"p\">Fue un anuncio. S\u00ed. Un anuncio me hizo llorar. Noventa segundos que pretenden conseguir que beba m\u00e1s Coca Cola. En la era del consumismo, en este tiempo en el que la televisi\u00f3n es el refugio para cientos de personas que viven s\u00f3las en medio de mucha gente, resulta curioso que en un anuncio quede un hueco para recordar determinados valores y los objetivos reales de todo esto. \u00abEst\u00e1s aqu\u00ed para ser feliz\u00bb. Llor\u00e9 y me sent\u00ed bien. <\/div>\n<\/p><\/div>\n<!-- AddThis Advanced Settings generic via filter on the_content --><!-- AddThis Share Buttons generic via filter on the_content -->","protected":false},"excerpt":{"rendered":"<p>El tiempo maneja sus propias contradicciones. A medida que te haces mayor, corre mucho m\u00e1s r\u00e1pido. El verano que nunca llegaba ahora est\u00e1 siempre a la vuelta de la esquina y el cumplea\u00f1os parece tener prisa en aparecer para recordarte que cada minuto vivido empieza a formar parte del pasado. El tiempo, los a\u00f1os, el [&hellip;]<!-- AddThis Advanced Settings generic via filter on get_the_excerpt --><!-- AddThis Share Buttons generic via filter on get_the_excerpt --><\/p>\n","protected":false},"author":7,"featured_media":0,"comment_status":"open","ping_status":"closed","sticky":false,"template":"","format":"standard","meta":[],"categories":[2],"tags":[],"_links":{"self":[{"href":"https:\/\/blogs.eldiariomontanes.es\/elpaseante\/wp-json\/wp\/v2\/posts\/36"}],"collection":[{"href":"https:\/\/blogs.eldiariomontanes.es\/elpaseante\/wp-json\/wp\/v2\/posts"}],"about":[{"href":"https:\/\/blogs.eldiariomontanes.es\/elpaseante\/wp-json\/wp\/v2\/types\/post"}],"author":[{"embeddable":true,"href":"https:\/\/blogs.eldiariomontanes.es\/elpaseante\/wp-json\/wp\/v2\/users\/7"}],"replies":[{"embeddable":true,"href":"https:\/\/blogs.eldiariomontanes.es\/elpaseante\/wp-json\/wp\/v2\/comments?post=36"}],"version-history":[{"count":0,"href":"https:\/\/blogs.eldiariomontanes.es\/elpaseante\/wp-json\/wp\/v2\/posts\/36\/revisions"}],"wp:attachment":[{"href":"https:\/\/blogs.eldiariomontanes.es\/elpaseante\/wp-json\/wp\/v2\/media?parent=36"}],"wp:term":[{"taxonomy":"category","embeddable":true,"href":"https:\/\/blogs.eldiariomontanes.es\/elpaseante\/wp-json\/wp\/v2\/categories?post=36"},{"taxonomy":"post_tag","embeddable":true,"href":"https:\/\/blogs.eldiariomontanes.es\/elpaseante\/wp-json\/wp\/v2\/tags?post=36"}],"curies":[{"name":"wp","href":"https:\/\/api.w.org\/{rel}","templated":true}]}}