{"id":28,"date":"2008-10-13T18:30:46","date_gmt":"2008-10-13T18:30:46","guid":{"rendered":"http:\/\/blogs.eldiariomontanes.es\/elpaseante\/?p=28"},"modified":"2008-10-13T18:30:46","modified_gmt":"2008-10-13T18:30:46","slug":"la-decepcion-un-buen-politico","status":"publish","type":"post","link":"https:\/\/blogs.eldiariomontanes.es\/elpaseante\/2008\/10\/13\/la-decepcion-un-buen-politico\/","title":{"rendered":"La decepci\u00f3n de un buen pol\u00edtico"},"content":{"rendered":"<p>Hace algunos d\u00edas mantuve una conversaci\u00f3n con un pol\u00edtico con responsabilidades recientes en un partido que no dir\u00e9, de un lugar que nunca conocer\u00e1n. Es una de esas personas que asume un cargo con la firme intenci\u00f3n de arreglar las cosas que no funcionan y la convicci\u00f3n de que siempre hay f\u00f3rmulas para intentar hacerlo mejor. La palabra que m\u00e1s se repiti\u00f3 entre sorbo y sorbo de caf\u00e9 fue &#8220;decepci\u00f3n&#8221;.<br \/>\nDecepci\u00f3n por una burocracia cargada de tecnicismos que arruina la necesidad de r\u00e1pidas decisiones. Decepci\u00f3n por la colmena de abejas e intereses que rodea cada cargo. Decepci\u00f3n por las gafas de sol te\u00f1idas de gaviotas, rosas o siluetas geogr\u00e1ficas con las que se observa la realidad desde los despachos. Y no hablo de teor\u00edas liberales, progresistas No hablo de filosof\u00eda pol\u00edtica, de marxismo, de derechas, de izquierdas Hablo de arreglar un bache en la carretera, de poner una barandilla junto a una escalera, de limpiar bien la calle, de poner una canasta de baloncesto Y para mejoras obvias e indiscutibles hay que negociar y negociar.<br \/>\nPorque a algunos las mejoras les importan m\u00e1s bien poco si no hay tajada pol\u00edtica (o econ\u00f3mica, que no faltan los casos). Porque interesa m\u00e1s una historia &#8220;sabrosa&#8221; para los medios que hunda al adversario que una buena soluci\u00f3n para un problema. Porque no abunda una decisi\u00f3n honesta no condicionada por el hecho de que una idea no parti\u00f3 de un compa\u00f1ero de partido. Porque la palabra consenso llena las bocas de todos y, en ocasiones, es s\u00f3lo una f\u00f3rmula de estropear buenas decisiones para que todos acumulen gloria.<br \/>\nSeguro que uno de los que olvid\u00f3 que est\u00e1 al servicio de quienes lo eligieron responder\u00e1 diciendo que utilizo la demagogia como truco. Otra de esas palabras que tanto usan Quiero pensar que a\u00fan quedan pol\u00edticos que tienen como primer objetivo mejorar las cosas. Aunque no ganen las elecciones&#8230;<\/p>\n<!-- AddThis Advanced Settings generic via filter on the_content --><!-- AddThis Share Buttons generic via filter on the_content -->","protected":false},"excerpt":{"rendered":"<p>Hace algunos d\u00edas mantuve una conversaci\u00f3n con un pol\u00edtico con responsabilidades recientes en un partido que no dir\u00e9, de un lugar que nunca conocer\u00e1n. Es una de esas personas que asume un cargo con la firme intenci\u00f3n de arreglar las cosas que no funcionan y la convicci\u00f3n de que siempre hay f\u00f3rmulas para intentar hacerlo [&hellip;]<!-- AddThis Advanced Settings generic via filter on get_the_excerpt --><!-- AddThis Share Buttons generic via filter on get_the_excerpt --><\/p>\n","protected":false},"author":7,"featured_media":0,"comment_status":"open","ping_status":"closed","sticky":false,"template":"","format":"standard","meta":[],"categories":[2],"tags":[],"_links":{"self":[{"href":"https:\/\/blogs.eldiariomontanes.es\/elpaseante\/wp-json\/wp\/v2\/posts\/28"}],"collection":[{"href":"https:\/\/blogs.eldiariomontanes.es\/elpaseante\/wp-json\/wp\/v2\/posts"}],"about":[{"href":"https:\/\/blogs.eldiariomontanes.es\/elpaseante\/wp-json\/wp\/v2\/types\/post"}],"author":[{"embeddable":true,"href":"https:\/\/blogs.eldiariomontanes.es\/elpaseante\/wp-json\/wp\/v2\/users\/7"}],"replies":[{"embeddable":true,"href":"https:\/\/blogs.eldiariomontanes.es\/elpaseante\/wp-json\/wp\/v2\/comments?post=28"}],"version-history":[{"count":0,"href":"https:\/\/blogs.eldiariomontanes.es\/elpaseante\/wp-json\/wp\/v2\/posts\/28\/revisions"}],"wp:attachment":[{"href":"https:\/\/blogs.eldiariomontanes.es\/elpaseante\/wp-json\/wp\/v2\/media?parent=28"}],"wp:term":[{"taxonomy":"category","embeddable":true,"href":"https:\/\/blogs.eldiariomontanes.es\/elpaseante\/wp-json\/wp\/v2\/categories?post=28"},{"taxonomy":"post_tag","embeddable":true,"href":"https:\/\/blogs.eldiariomontanes.es\/elpaseante\/wp-json\/wp\/v2\/tags?post=28"}],"curies":[{"name":"wp","href":"https:\/\/api.w.org\/{rel}","templated":true}]}}