{"id":259,"date":"2018-11-07T12:59:39","date_gmt":"2018-11-07T11:59:39","guid":{"rendered":"https:\/\/blogs.eldiariomontanes.es\/elpaseante\/?p=259"},"modified":"2018-11-07T12:59:39","modified_gmt":"2018-11-07T11:59:39","slug":"saber-de-lo-que-pisas","status":"publish","type":"post","link":"https:\/\/blogs.eldiariomontanes.es\/elpaseante\/2018\/11\/07\/saber-de-lo-que-pisas\/","title":{"rendered":"Saber de lo que pisas"},"content":{"rendered":"<p>Tal vez sea una utop\u00eda pedir que la cabeza se levante algo menos de un palmo. Que deje la pantalla y el \u2018like\u2019 y que mire. Que descubra que pasear puede ser hasta terap\u00e9utico. Que andar y ver a la vez espanta fantasmas \u2013a m\u00ed, a veces, me ha servido hasta para pensar\u2013. Y, as\u00ed, fij\u00e1ndose en los lugares por los que uno pasa cada d\u00eda sin fijarse tal vez hasta vea. No s\u00e9, la placa en lat\u00edn que hay en un edificio de Calvo Sotelo (\u2018Prima ex igne renata\u2019). O la que hay ante la puerta de un cementerio entre casas en Cazo\u00f1a (\u2018Cementerio protestante ingl\u00e9s. A\u00f1o 1964\u2019). Quiz\u00e1s, incluso, viendo se pregunte por qu\u00e9. Qu\u00e9 significan esas palabras en lat\u00edn, qu\u00e9 narices hacen esas tumbas entre edificios y tendales&#8230; O por qu\u00e9 el gesto de dolor de la escultura de una mujer en el monumento que hay frente a las terrazas de Calder\u00f3n de la Barca.<\/p>\n<p>&nbsp;<\/p>\n<p>Estos d\u00edas, que me ha tocado escribir mucho sobre todo esto, hice el experimento cercano de preguntar. A cr\u00edos pr\u00f3ximos. Qu\u00e9 sab\u00edan de algo llamado Machichaco. Les sonaba de o\u00eddas, pero poca cosa. Y, desde luego, nada del monumento. Y yo pens\u00e9, sin repartir culpas, que a menudo los que ya no somos cr\u00edos viajamos por el mundo y nos ponemos estupendos leyendo gu\u00edas y rebuscando blogs de asuntos y lugares, sin duda, maravillosos. Que contamos a la vuelta la an\u00e9cdota hist\u00f3rica y pintoresca de una taberna de Londres. Que damos la tabarra a los amigos con el v\u00eddeo del baile tribal de un grupo de tipos disfrazados de nativos que vimos al bajarnos del bus cerca del hotel de cinco estrellas. Que nos aprendimos de memoria en Samarcanda las conquistas de Tamerl\u00e1n. Pero que jam\u00e1s le hemos dicho a un chaval que levante la cabeza del Instagram al pasar cerca de la Estaci\u00f3n Mar\u00edtima para contarle una historia apasionante. Una tragedia que cambi\u00f3 por completo la ciudad en la que vive. Para hacerle part\u00edcipe de su trozo de mundo con un relato que le dejar\u00eda con la boca abierta. Y que, tal vez, hasta le guste.<\/p>\n<p>&nbsp;<\/p>\n<p>*Texto publicado en el suplemento cultural Sotileza dedicado a la tragedia del &#8216;Cabo Machichaco&#8217; y escrito tras publicar varios reportajes en la edici\u00f3n en papel del peri\u00f3dico con motivo del 125 aniversario del suceso. Algunos de esos reportajes pueden verse en la <strong><a href=\"https:\/\/www.eldiariomontanes.es\/santander\/MACHICHACO\/ruido-dentro-20181102180708-nt.html\" rel=\"external nofollow\">edici\u00f3n digital pinchando aqu\u00ed\u00a0<\/a>\u00a0<\/strong><\/p>\n<!-- AddThis Advanced Settings generic via filter on the_content --><!-- AddThis Share Buttons generic via filter on the_content -->","protected":false},"excerpt":{"rendered":"<p>Tal vez sea una utop\u00eda pedir que la cabeza se levante algo menos de un palmo. Que deje la pantalla y el \u2018like\u2019 y que mire. Que descubra que pasear puede ser hasta terap\u00e9utico. Que andar y ver a la vez espanta fantasmas \u2013a m\u00ed, a veces, me ha servido hasta para pensar\u2013. Y, as\u00ed, [&hellip;]<!-- AddThis Advanced Settings generic via filter on get_the_excerpt --><!-- AddThis Share Buttons generic via filter on get_the_excerpt --><\/p>\n","protected":false},"author":7,"featured_media":0,"comment_status":"closed","ping_status":"open","sticky":false,"template":"","format":"standard","meta":[],"categories":[1],"tags":[238,236,195,237],"_links":{"self":[{"href":"https:\/\/blogs.eldiariomontanes.es\/elpaseante\/wp-json\/wp\/v2\/posts\/259"}],"collection":[{"href":"https:\/\/blogs.eldiariomontanes.es\/elpaseante\/wp-json\/wp\/v2\/posts"}],"about":[{"href":"https:\/\/blogs.eldiariomontanes.es\/elpaseante\/wp-json\/wp\/v2\/types\/post"}],"author":[{"embeddable":true,"href":"https:\/\/blogs.eldiariomontanes.es\/elpaseante\/wp-json\/wp\/v2\/users\/7"}],"replies":[{"embeddable":true,"href":"https:\/\/blogs.eldiariomontanes.es\/elpaseante\/wp-json\/wp\/v2\/comments?post=259"}],"version-history":[{"count":2,"href":"https:\/\/blogs.eldiariomontanes.es\/elpaseante\/wp-json\/wp\/v2\/posts\/259\/revisions"}],"predecessor-version":[{"id":261,"href":"https:\/\/blogs.eldiariomontanes.es\/elpaseante\/wp-json\/wp\/v2\/posts\/259\/revisions\/261"}],"wp:attachment":[{"href":"https:\/\/blogs.eldiariomontanes.es\/elpaseante\/wp-json\/wp\/v2\/media?parent=259"}],"wp:term":[{"taxonomy":"category","embeddable":true,"href":"https:\/\/blogs.eldiariomontanes.es\/elpaseante\/wp-json\/wp\/v2\/categories?post=259"},{"taxonomy":"post_tag","embeddable":true,"href":"https:\/\/blogs.eldiariomontanes.es\/elpaseante\/wp-json\/wp\/v2\/tags?post=259"}],"curies":[{"name":"wp","href":"https:\/\/api.w.org\/{rel}","templated":true}]}}