{"id":247,"date":"2017-12-20T12:31:13","date_gmt":"2017-12-20T11:31:13","guid":{"rendered":"http:\/\/blogs.eldiariomontanes.es\/elpaseante\/?p=247"},"modified":"2017-12-20T12:31:13","modified_gmt":"2017-12-20T11:31:13","slug":"rebel-comando-rebelde","status":"publish","type":"post","link":"https:\/\/blogs.eldiariomontanes.es\/elpaseante\/2017\/12\/20\/rebel-comando-rebelde\/","title":{"rendered":"Rebel, comando rebelde"},"content":{"rendered":"<style type=\"text\/css\">\n\t<!-- @page { margin: 2cm } P { margin-bottom: 0.21cm } --><br \/>\t<\/style>\n<p align=\"JUSTIFY\">No s\u00e9 qu\u00e9 hac\u00eda yo en Madrid, pero s\u00e9 que esperaba a mis padres en una habitaci\u00f3n de hotel. Que estaba despierto cuando llegaron. Me contaron que hab\u00edan estado charlando con Mill\u00e1n Salcedo y hablaban entre ellos de si Martes y trece todav\u00eda eran tres o ya eran dos. Es curiosa la mente de un ni\u00f1o. Tanto, que hace que uno sea capaz de almacenar en la memoria para siempre todo esto s\u00f3lo porque fue la noche que me compraron mi primer mu\u00f1eco de La Guerra de las Galaxias (para m\u00ed, la saga siempre tendr\u00e1 ese nombre). Ellos fueron a ese para\u00edso de las curiosidades que era para un santanderino a medio hacer un VIPS de la capital a mediados de los ochenta. Con una ingenuidad que ahora me parece eternamente tierna, no compraron al Luke Skywalker vestido de piloto, al peludo Chewbacca o al escalofriante \u2013incluso de pl\u00e1stico\u2013 Darth Vader. A ellos les pareci\u00f3 mejor un chico con pinta de formal y bien vestido con un traje verde, gorra y mochila. Un personaje fotocopiado sin frase. Sin nombre concreto para poner en la caja. Era s\u00f3lo \u2018Rebel, comando rebelde\u2019.<\/p>\n<p align=\"JUSTIFY\">Con los a\u00f1os \u2013y eran muy caros al principio (cuanto esfuerzo hacen unos padres por verte sonre\u00edr)\u2013, llegaron otros poco a poco. Los m\u00e1s conocidos. Hasta la moto jet de El Retorno del Jedi que de tanto darle al bot\u00f3n que ten\u00eda detr\u00e1s para hacerla saltar por los aires acab\u00f3 encajando a duras penas. Pero en las batallas de la habitaci\u00f3n en la que dorm\u00edamos los tres hermanos chicos, ese Rebel verde siempre ten\u00eda un papel estelar.<\/p>\n<p align=\"JUSTIFY\">Esta semana escrib\u00ed a mi sobrino, de quince a\u00f1os. Le pregunt\u00e9 si a\u00fan conserva los mu\u00f1ecos que le dej\u00e9 \u2018en herencia\u2019. Me dijo que s\u00ed y le ped\u00ed que, si alg\u00fan d\u00eda ya no los quiere porque hace limpieza, que me los devuelva. Y que incluya la nave de combate rebelde que le hizo su padre con un bote de gel, una percha y papel de aluminio. Me mand\u00f3 unas fotos. Los tubos de escape eran los cilindros de dos rollos de papel higi\u00e9nico, la estructura ten\u00eda un asiento para el Luke piloto y una pieza que se abr\u00eda y se cerraba para entrar en la cabina. La hizo con tanto detalle que hasta ten\u00eda el hueco para encajar a R2-D2 durante el vuelo. A m\u00ed se me encogieron los midiclorianos y no pude evitar decir en voz alta pensando en mi hermano un \u2018que la fuerza te acompa\u00f1e\u2019.<\/p>\n<p align=\"JUSTIFY\">*Art\u00edculo publicado en el Suplemento Sotileza del 15 de diciembre<\/p>\n<!-- AddThis Advanced Settings generic via filter on the_content --><!-- AddThis Share Buttons generic via filter on the_content -->","protected":false},"excerpt":{"rendered":"<p>No s\u00e9 qu\u00e9 hac\u00eda yo en Madrid, pero s\u00e9 que esperaba a mis padres en una habitaci\u00f3n de hotel. Que estaba despierto cuando llegaron. Me contaron que hab\u00edan estado charlando con Mill\u00e1n Salcedo y hablaban entre ellos de si Martes y trece todav\u00eda eran tres o ya eran dos. Es curiosa la mente de un [&hellip;]<!-- AddThis Advanced Settings generic via filter on get_the_excerpt --><!-- AddThis Share Buttons generic via filter on get_the_excerpt --><\/p>\n","protected":false},"author":7,"featured_media":0,"comment_status":"closed","ping_status":"open","sticky":false,"template":"","format":"standard","meta":[],"categories":[1],"tags":[233,235,121,232,234],"_links":{"self":[{"href":"https:\/\/blogs.eldiariomontanes.es\/elpaseante\/wp-json\/wp\/v2\/posts\/247"}],"collection":[{"href":"https:\/\/blogs.eldiariomontanes.es\/elpaseante\/wp-json\/wp\/v2\/posts"}],"about":[{"href":"https:\/\/blogs.eldiariomontanes.es\/elpaseante\/wp-json\/wp\/v2\/types\/post"}],"author":[{"embeddable":true,"href":"https:\/\/blogs.eldiariomontanes.es\/elpaseante\/wp-json\/wp\/v2\/users\/7"}],"replies":[{"embeddable":true,"href":"https:\/\/blogs.eldiariomontanes.es\/elpaseante\/wp-json\/wp\/v2\/comments?post=247"}],"version-history":[{"count":5,"href":"https:\/\/blogs.eldiariomontanes.es\/elpaseante\/wp-json\/wp\/v2\/posts\/247\/revisions"}],"predecessor-version":[{"id":252,"href":"https:\/\/blogs.eldiariomontanes.es\/elpaseante\/wp-json\/wp\/v2\/posts\/247\/revisions\/252"}],"wp:attachment":[{"href":"https:\/\/blogs.eldiariomontanes.es\/elpaseante\/wp-json\/wp\/v2\/media?parent=247"}],"wp:term":[{"taxonomy":"category","embeddable":true,"href":"https:\/\/blogs.eldiariomontanes.es\/elpaseante\/wp-json\/wp\/v2\/categories?post=247"},{"taxonomy":"post_tag","embeddable":true,"href":"https:\/\/blogs.eldiariomontanes.es\/elpaseante\/wp-json\/wp\/v2\/tags?post=247"}],"curies":[{"name":"wp","href":"https:\/\/api.w.org\/{rel}","templated":true}]}}