{"id":238,"date":"2016-05-09T19:17:08","date_gmt":"2016-05-09T18:17:08","guid":{"rendered":"http:\/\/blogs.eldiariomontanes.es\/elpaseante\/?p=238"},"modified":"2016-05-09T19:17:08","modified_gmt":"2016-05-09T18:17:08","slug":"alejate-de-mi-culo","status":"publish","type":"post","link":"https:\/\/blogs.eldiariomontanes.es\/elpaseante\/2016\/05\/09\/alejate-de-mi-culo\/","title":{"rendered":"Al\u00e9jate de mi culo"},"content":{"rendered":"<p><span style=\"color: #000000; font-size: large;\"><span style=\"font-family: 'Times New Roman', serif;\">No puedo dar consejos porque <strong>a\u00fan no s\u00e9 aparcar y dos gotas gordas me empapan las sienes cada vez que veo un sem\u00e1foro a punto del rojo en plena cuesta<\/strong>. El coche est\u00e1 sucio porque todav\u00eda ando con el apuro de las primeras veces. La &#8216;ele&#8217; es un \u00e1ngel de la guarda. Se me despeg\u00f3 esta ma\u00f1ana y la he colocado con celo hasta que consiga otra. Sigo descubriendo cosas. La semana pasada, que el agua con jab\u00f3n para limpiar la luna sale tirando hacia m\u00ed de la palanquita. <strong>Ya me atrevo a cambiar de canci\u00f3n y a abrir y bajar las ventanas mientras conduzco<\/strong>. &#8216;Conduzco&#8217;. Reconozco que en primera persona me suena raro, que me cuesta decirlo. Raro me ve\u00eda entre los cr\u00edos el d\u00eda del te\u00f3rico. Acab\u00e9 el primero y me daba &#8216;cosa&#8217; irme. Fue un paso. Luego vinieron las pr\u00e1cticas en secreto. Un amigo me dijo que me hab\u00eda visto en un coche de autoescuela. &#8216;Debe haber un t\u00edo que se parece mucho a m\u00ed porque me lo ha dicho m\u00e1s gente&#8217;. Col\u00f3. En el pr\u00e1ctico llev\u00e9 de copiloto a San Jos\u00e9 de Calasanz y a un ej\u00e9rcito de \u00e1ngeles celestiales. Entre ellos y la Virgen hicieron el trabajo&#8230; Mucha suerte. Y despu\u00e9s vino una de las experiencias m\u00e1s estresantes de mi vida. La compra me ha robado a\u00f1os y pelo. Casi, hasta una relaci\u00f3n familiar. Y he aprendido dos cosas: que <strong>en este pa\u00eds todos llevan dentro un entrenador de f\u00fatbol y un comprador de coches,<\/strong> y que el m\u00edo tiene que durar mucho porque no tengo ganas de volver a pasar por ello.<\/span><\/span><\/p>\n<p>&nbsp;<\/p>\n<p><span style=\"color: #000000; font-size: large;\"><span style=\"font-family: 'Times New Roman', serif;\">Insisto. No puedo dar consejos porque a\u00fan no s\u00e9 aparcar y se me cala en las cuestas. Pero ya llevo m\u00e1s de mil kil\u00f3metros y eso me acredita, al menos, como observador. <strong>De las rotondas no dir\u00e9 nada porque no quiero perder amistades<\/strong>. Pero de la obsesi\u00f3n, s\u00ed. Tiene que haber algo er\u00f3tico. Tiene que ser eso. Porque <strong>no entiendo el af\u00e1n por arrimarse<\/strong>. En los sem\u00e1foros, en el cruce&#8230; Se palpa la cercan\u00eda antes de ver por el espejo. <strong>Les miras la cara y piensas en el lig\u00f3n cutre que arrimaba cebolleta en El Divino<\/strong>. En los viejos verdes que sacaron una vez en el Telediario porque plantaban la bragueta del pantal\u00f3n de pinzas cerca del trasero de las turistas de Las Ramblas a la primera montonera.\u00a0<\/span><\/span><\/p>\n<p>&nbsp;<\/p>\n<p><span style=\"color: #000000; font-size: large;\"><span style=\"font-family: 'Times New Roman', serif;\">Se pegan. Se arriman. Ganando cent\u00edmetros in\u00fatiles. Poniendo calientes las defensas. <strong>\u00bfVas a llegar antes? Me advierten que yo tambi\u00e9n lo har\u00e9 cuando pase el tiempo. No lo entiendo<\/strong>. Dir\u00eda que es cosa de gallitos cutres, de aqu\u00ed estoy yo y &#8216;n\u00f3talo, nena&#8217;. Pero no, porque ellas tambi\u00e9n lo hacen. Tambi\u00e9n llegan frenando y paran a punto del beso.\u00a0<\/span><\/span><\/p>\n<p>&nbsp;<\/p>\n<p><span style=\"color: #000000; font-size: large;\"><span style=\"font-family: 'Times New Roman', serif;\"><strong>Distancia de seguridad convertida en esa gente que te habla demasiado cerca de la cara<\/strong>. Ay, que angustia. Pues nada, t\u00fa sigue. Yo, tranquilo. La &#8216;ele&#8217; me protege. <strong>P\u00e1rate a pensarlo<\/strong>. La llevo y se me atragantan las cuestas. T\u00fa ac\u00e9rcate en el sem\u00e1foro, p\u00e9gate del todo&#8230; <strong>Yo tiro, se me cala y&#8230; Ya sabes qui\u00e9n pagar\u00e1 la factura<\/strong>.\u00a0<\/span><\/span><\/p>\n<p>&nbsp;<\/p>\n<p>&nbsp;<\/p>\n<!-- AddThis Advanced Settings generic via filter on the_content --><!-- AddThis Share Buttons generic via filter on the_content -->","protected":false},"excerpt":{"rendered":"<p>No puedo dar consejos porque a\u00fan no s\u00e9 aparcar y dos gotas gordas me empapan las sienes cada vez que veo un sem\u00e1foro a punto del rojo en plena cuesta. El coche est\u00e1 sucio porque todav\u00eda ando con el apuro de las primeras veces. La &#8216;ele&#8217; es un \u00e1ngel de la guarda. Se me despeg\u00f3 [&hellip;]<!-- AddThis Advanced Settings generic via filter on get_the_excerpt --><!-- AddThis Share Buttons generic via filter on get_the_excerpt --><\/p>\n","protected":false},"author":7,"featured_media":0,"comment_status":"open","ping_status":"open","sticky":false,"template":"","format":"standard","meta":[],"categories":[2],"tags":[10,42,58,201],"_links":{"self":[{"href":"https:\/\/blogs.eldiariomontanes.es\/elpaseante\/wp-json\/wp\/v2\/posts\/238"}],"collection":[{"href":"https:\/\/blogs.eldiariomontanes.es\/elpaseante\/wp-json\/wp\/v2\/posts"}],"about":[{"href":"https:\/\/blogs.eldiariomontanes.es\/elpaseante\/wp-json\/wp\/v2\/types\/post"}],"author":[{"embeddable":true,"href":"https:\/\/blogs.eldiariomontanes.es\/elpaseante\/wp-json\/wp\/v2\/users\/7"}],"replies":[{"embeddable":true,"href":"https:\/\/blogs.eldiariomontanes.es\/elpaseante\/wp-json\/wp\/v2\/comments?post=238"}],"version-history":[{"count":0,"href":"https:\/\/blogs.eldiariomontanes.es\/elpaseante\/wp-json\/wp\/v2\/posts\/238\/revisions"}],"wp:attachment":[{"href":"https:\/\/blogs.eldiariomontanes.es\/elpaseante\/wp-json\/wp\/v2\/media?parent=238"}],"wp:term":[{"taxonomy":"category","embeddable":true,"href":"https:\/\/blogs.eldiariomontanes.es\/elpaseante\/wp-json\/wp\/v2\/categories?post=238"},{"taxonomy":"post_tag","embeddable":true,"href":"https:\/\/blogs.eldiariomontanes.es\/elpaseante\/wp-json\/wp\/v2\/tags?post=238"}],"curies":[{"name":"wp","href":"https:\/\/api.w.org\/{rel}","templated":true}]}}