{"id":236,"date":"2016-04-25T11:10:32","date_gmt":"2016-04-25T10:10:32","guid":{"rendered":"http:\/\/blogs.eldiariomontanes.es\/elpaseante\/?p=236"},"modified":"2016-04-25T11:10:32","modified_gmt":"2016-04-25T10:10:32","slug":"los-que-vimos-al-diablo-vestido-de-angel","status":"publish","type":"post","link":"https:\/\/blogs.eldiariomontanes.es\/elpaseante\/2016\/04\/25\/los-que-vimos-al-diablo-vestido-de-angel\/","title":{"rendered":"Los que vimos al diablo (vestido de \u00e1ngel)"},"content":{"rendered":"<p><span style=\"font-size: medium;\">Ellos no vieron a los chicos del barrio. No s\u00e9 si era la mirada o los ojos lo que se les iba cayendo. Desparram\u00e1ndose sobre un rostro cada vez m\u00e1s afilado y p\u00e1lido. La carne de los papos se les hizo fina y los p\u00f3mulos, sin oposici\u00f3n, se les marcaban en la cara como a los cad\u00e1veres. Del pupitre de al lado y los tiros a trall\u00f3n en la pista de la Pe\u00f1a a los tumbos en la calle y otros tiros. <strong>No vivieron los a\u00f1os de los que daban el palo, del &#8216;d\u00e9jame veinte duros&#8217;, del &#8216;o me lo das o todo lo que tengas pa m\u00ed&#8217;, del &#8216;no me hagas mirarte los bolsillos&#8217;&#8230;<\/strong> Siempre ten\u00edan prisa hasta que llegaba la hora de deambular lento, siempre discutiendo entre ellos en su ir y venir, siempre muy abrigados con cuero de verano&#8230;<\/span><\/p>\n<p>&nbsp;<\/p>\n<p><span style=\"font-size: medium;\">No vieron al chico bien de La Alameda que ya me conoc\u00eda. Ya me ped\u00eda las cien pesetas con familiaridad y a m\u00ed me fue doliendo menos darle lo que costaba la entrada al Covent Garden en la sesi\u00f3n de los s\u00e1bados tarde. Fueron a\u00f1os de miedo y costumbre. Porque en el fondo, la mayor\u00eda, no era mala gente y su estampa se instal\u00f3 en la ciudad como las paradas de autob\u00fas. <strong>Aqu\u00ed no hubo movida madrile\u00f1a pero hab\u00eda un pirata con guitarra<\/strong>. All\u00ed fueron Enrique o Antonio y aqu\u00ed, chicos an\u00f3nimos de las cuatro esquinas. Todos se cruzaban de acera por Cuatro Caminos al ver al vecino de siempre, al que su madre ech\u00f3 de casa, al que volv\u00eda de vez en cuando y se paraba a mirar en la distancia.<\/span><\/p>\n<p>&nbsp;<\/p>\n<p><span style=\"font-size: medium;\">Ellos no entienden por qu\u00e9 <span style=\"text-decoration: underline;\"><span style=\"color: #ff0000; text-decoration: underline;\"><a title=\"Buena chica, Los Secretos (con Enrique Urquijo)\" href=\"https:\/\/www.youtube.com\/watch?v=8wL5Fim7i8A\" target=\"_blank\" rel=\"external nofollow\"><span style=\"color: #ff0000; text-decoration: underline;\">la buena chica ten\u00eda poco apego a la vida<\/span><\/a><\/span><\/span> y por qu\u00e9 fue<span style=\"text-decoration: underline;\"><span style=\"color: #ff0000;\"> <a title=\"Princesa, Joaqu\u00edn Sabina\" href=\"https:\/\/www.youtube.com\/watch?v=m_X7vrAeYJ0\" target=\"_blank\" rel=\"external nofollow\"><span style=\"color: #ff0000; text-decoration: underline;\">demasiado tarde para la princesa<\/span><\/a><\/span><\/span>. Nada de diablos vestidos de \u00e1ngeles, <span style=\"text-decoration: underline;\"><span style=\"color: #ff0000;\"><a title=\"Los Calis\" href=\"https:\/\/www.youtube.com\/watch?v=hQcMNDUWQ1o\" target=\"_blank\" rel=\"external nofollow\"><span style=\"color: #ff0000; text-decoration: underline;\">m\u00e1s chutes no<\/span><\/a><\/span><\/span>. Por qu\u00e9 acab\u00f3 as\u00ed la rubia de la pista. La que ven\u00eda a comerse los morros a los columpios, frente a mi ventana. A m\u00ed me parec\u00eda una Olivia Newton-John forrada por la tela vaquera de una cazadora con hueco para alguna mano por debajo. C\u00f3mo envidi\u00e9 infantilmente a aquellos chicos con la mano larga y los labios rojos&#8230;<\/span><\/p>\n<p>&nbsp;<\/p>\n<p><span style=\"font-size: medium;\">No comprenden, no han visto <strong>lo que vimos en esos ochenta idealizados<\/strong> que me pillaron cr\u00edo y en los noventa que ya me cogieron m\u00e1s crecidito. Ahora, con mis amigos -todos hacemos cuarenta este a\u00f1o-, cantamos la de &#8216;Tony, el gitano&#8217; en todas las fiestas. Nos re\u00edmos con eso, pero esto va en serio. <span style=\"text-decoration: underline;\"><span style=\"color: #ff0000;\"><a title=\"Tony El Gitano\" href=\"https:\/\/www.youtube.com\/watch?v=8kjEi2TIOQ8\" target=\"_blank\" rel=\"external nofollow\"><span style=\"color: #ff0000; text-decoration: underline;\">&#8216;Maldita droga, me tiene loco. No tengo alegr\u00eda ni sue\u00f1o tampoco&#8217;<\/span><\/a><\/span><\/span>. Est\u00e1 en la banda sonora de Torrente.<\/span><\/p>\n<p>&nbsp;<\/p>\n<p><strong><span style=\"font-size: medium;\"><span style=\"color: #000000;\"><span style=\"font-family: 'Times New Roman', serif;\">Nota: La Polic\u00eda ha incautado en Espa\u00f1a el mayor alijo de hero\u00edna de lo que va de a\u00f1o en toda Europa. En la carrocer\u00eda de un Porsche Cayenne blanco. Ah\u00ed estaban escondidos 54 paquetes con m\u00e1s de 56 kilos<\/span><\/span><em><span style=\"color: #000000;\"><span style=\"font-family: 'Times New Roman', serif;\">&#8230;\u00a0<\/span><\/span><\/em><span style=\"color: #000000;\"><span style=\"font-family: 'Times New Roman', serif;\">Todos los indicadores coinciden en que el caballo vuelve a ponerse de moda.<\/span><\/span><\/span><\/strong><\/p>\n<p>&nbsp;<\/p>\n<p><span style=\"text-decoration: underline;\"><span style=\"color: #ff0000;\"><a title=\"Noticia del ABC\" href=\"http:\/\/www.abc.es\/espana\/galicia\/abci-caballo-mercado-sectario-201604251002_noticia.html\" target=\"_blank\" rel=\"external nofollow\"><span style=\"color: #ff0000; text-decoration: underline;\">Consultar este enlace<\/span><\/a><\/span><\/span><\/p>\n<p><span style=\"font-size: medium;\"><br \/>\n<\/span><\/p>\n<p><span style=\"font-size: medium;\"><br \/>\n<\/span><\/p>\n<!-- AddThis Advanced Settings generic via filter on the_content --><!-- AddThis Share Buttons generic via filter on the_content -->","protected":false},"excerpt":{"rendered":"<p>Ellos no vieron a los chicos del barrio. No s\u00e9 si era la mirada o los ojos lo que se les iba cayendo. Desparram\u00e1ndose sobre un rostro cada vez m\u00e1s afilado y p\u00e1lido. La carne de los papos se les hizo fina y los p\u00f3mulos, sin oposici\u00f3n, se les marcaban en la cara como a [&hellip;]<!-- AddThis Advanced Settings generic via filter on get_the_excerpt --><!-- AddThis Share Buttons generic via filter on get_the_excerpt --><\/p>\n","protected":false},"author":7,"featured_media":0,"comment_status":"open","ping_status":"open","sticky":false,"template":"","format":"standard","meta":[],"categories":[2],"tags":[98,120,195],"_links":{"self":[{"href":"https:\/\/blogs.eldiariomontanes.es\/elpaseante\/wp-json\/wp\/v2\/posts\/236"}],"collection":[{"href":"https:\/\/blogs.eldiariomontanes.es\/elpaseante\/wp-json\/wp\/v2\/posts"}],"about":[{"href":"https:\/\/blogs.eldiariomontanes.es\/elpaseante\/wp-json\/wp\/v2\/types\/post"}],"author":[{"embeddable":true,"href":"https:\/\/blogs.eldiariomontanes.es\/elpaseante\/wp-json\/wp\/v2\/users\/7"}],"replies":[{"embeddable":true,"href":"https:\/\/blogs.eldiariomontanes.es\/elpaseante\/wp-json\/wp\/v2\/comments?post=236"}],"version-history":[{"count":0,"href":"https:\/\/blogs.eldiariomontanes.es\/elpaseante\/wp-json\/wp\/v2\/posts\/236\/revisions"}],"wp:attachment":[{"href":"https:\/\/blogs.eldiariomontanes.es\/elpaseante\/wp-json\/wp\/v2\/media?parent=236"}],"wp:term":[{"taxonomy":"category","embeddable":true,"href":"https:\/\/blogs.eldiariomontanes.es\/elpaseante\/wp-json\/wp\/v2\/categories?post=236"},{"taxonomy":"post_tag","embeddable":true,"href":"https:\/\/blogs.eldiariomontanes.es\/elpaseante\/wp-json\/wp\/v2\/tags?post=236"}],"curies":[{"name":"wp","href":"https:\/\/api.w.org\/{rel}","templated":true}]}}