{"id":233,"date":"2016-02-12T13:21:40","date_gmt":"2016-02-12T12:21:40","guid":{"rendered":"http:\/\/blogs.eldiariomontanes.es\/elpaseante\/?p=233"},"modified":"2016-02-12T13:21:40","modified_gmt":"2016-02-12T12:21:40","slug":"la-foto-de-las-olas","status":"publish","type":"post","link":"https:\/\/blogs.eldiariomontanes.es\/elpaseante\/2016\/02\/12\/la-foto-de-las-olas\/","title":{"rendered":"La foto de las olas"},"content":{"rendered":"<p>Puede que sean los mismos que siguen hablando sin inmutarse mientras el cr\u00edo chilla, imita los taconeos de Farruco y los acompa\u00f1a con golpes, m\u00f3vil en mano, en el respaldo de las sillas de los clientes de dos mesas m\u00e1s all\u00e1. <span style=\"text-decoration: underline;\"><span style=\"color: #ff0000;\"><a title=\"M\u00f3vil y aulas\" href=\"http:\/\/www.eldiariomontanes.es\/cantabria\/201511\/01\/movil-llega-tarde-clase-20151101000232-v.html\" target=\"_blank\" rel=\"external nofollow\"><span style=\"color: #ff0000; text-decoration: underline;\">Con ese tel\u00e9fono que le compraron al chaval a los cinco a\u00f1os para que estuviera entretenido<\/span><\/a><\/span><\/span>. Para que no diera mucho el co\u00f1azo, aunque a los amigos les digan que es por si tiene que avisarles al salir de clase de piano. Tal vez se trate de los que siempre achacan a alg\u00fan problema con el profesorado la tendencia de su hijo a no aprobar casi ninguna. O los que van evitando tener que llamar a &#8216;Hermano Mayor&#8217; a base de juegos para la consola. Tiene que ser algo as\u00ed. Formar parte de un programa educacional definido, concreto. Basado en muchas horas frente a pr\u00edncipes, s\u00e1lvames y viceversa. Porque me cuesta entender que unos padres levanten la cinta de una zona acordonada por la polic\u00eda para llevar a los enanos a ver olas gigantes. Para plantarles ah\u00ed, frente a una barandilla al borde del temporal y re\u00edrse a carcajadas cada vez que la cresta de agua les pasa por encima. &#8216;Ponte para la foto justo cuando venga&#8217;. Eso, la foto. La mierda de foto que pondr\u00e1s en Instagram para tus veinte seguidores lo justifica todo. Ense\u00f1ar a tu chaval a saltarse a la torera lo que le ha dicho un polic\u00eda que tiene m\u00e1s trabajo parando a tontos que vigilando peligros. Y, por supuesto, ponerle en riesgo. Corre, que viene. Da igual leer las noticias. <span style=\"text-decoration: underline;\"><span style=\"color: #ff0000;\"><a title=\"Dram\u00e1tico\" href=\"http:\/\/www.eldiariomontanes.es\/nacional\/201602\/11\/pido-dios-devuelvan-hijito-20160211084859.html\" target=\"_blank\" rel=\"external nofollow\"><span style=\"color: #ff0000; text-decoration: underline;\">Da igual saber que a\u00fan no ha aparecido una criatura que se llev\u00f3 la corriente<\/span><\/a><\/span><\/span>. Da igual porque eso en el Facebook no sale y no lo has visto.<\/p>\n<p><object id=\"flashObj\" width=\"540\" height=\"360\" classid=\"clsid:d27cdb6e-ae6d-11cf-96b8-444553540000\" codebase=\"http:\/\/download.macromedia.com\/pub\/shockwave\/cabs\/flash\/swflash.cab#version=6,0,40,0\"><param name=\"flashVars\" value=\"@videoPlayer=4751983383001&#038;playerID=4223169229001&#038;playerKey=AQ~~,AAAAE_SNYgk~,ggLoEiysJmjdfevq3v9sNTR54Hnmzjze&#038;domain=embed&#038;dynamicStreaming=true\" \/><param name=\"base\" value=\"http:\/\/admin.brightcove.com\" \/><param name=\"seamlesstabbing\" value=\"false\" \/><param name=\"allowFullScreen\" value=\"true\" \/><param name=\"swLiveConnect\" value=\"true\" \/><param name=\"allowScriptAccess\" value=\"always\" \/><param name=\"src\" value=\"http:\/\/c.brightcove.com\/services\/viewer\/federated_f9?isVid=1&#038;isUI=1\" \/><param name=\"flashvars\" value=\"@videoPlayer=4751983383001&#038;playerID=4223169229001&#038;playerKey=AQ~~,AAAAE_SNYgk~,ggLoEiysJmjdfevq3v9sNTR54Hnmzjze&#038;domain=embed&#038;dynamicStreaming=true\" \/><param name=\"allowfullscreen\" value=\"true\" \/><param name=\"allowscriptaccess\" value=\"always\" \/><param name=\"swliveconnect\" value=\"true\" \/><param name=\"pluginspage\" value=\"http:\/\/www.macromedia.com\/shockwave\/download\/index.cgi?P1_Prod_Version=ShockwaveFlash\" \/><embed id=\"flashObj\" width=\"540\" height=\"360\" type=\"application\/x-shockwave-flash\" src=\"\/\/c.brightcove.com\/services\/viewer\/federated_f9?isVid=1&#038;isUI=1\" flashVars=\"@videoPlayer=4751983383001&#038;playerID=4223169229001&#038;playerKey=AQ~~,AAAAE_SNYgk~,ggLoEiysJmjdfevq3v9sNTR54Hnmzjze&#038;domain=embed&#038;dynamicStreaming=true\" base=\"http:\/\/admin.brightcove.com\" seamlesstabbing=\"false\" allowFullScreen=\"true\" swLiveConnect=\"true\" allowScriptAccess=\"always\" flashvars=\"@videoPlayer=4751983383001&#038;playerID=4223169229001&#038;playerKey=AQ~~,AAAAE_SNYgk~,ggLoEiysJmjdfevq3v9sNTR54Hnmzjze&#038;domain=embed&#038;dynamicStreaming=true\" allowfullscreen=\"true\" allowscriptaccess=\"always\" swliveconnect=\"true\" pluginspage=\"http:\/\/www.macromedia.com\/shockwave\/download\/index.cgi?P1_Prod_Version=ShockwaveFlash\" \/><\/object><\/p>\n<p><strong>Tonto. S\u00ed, tonto. Yo lo he sido mil veces (he llenado de ejemplos la zona de copas)<\/strong>. Pero esta semana me ard\u00eda la sangre mientras trabajaba vi\u00e9ndote poner a los ni\u00f1os ah\u00ed delante. Viendo los v\u00eddeos de los telediarios, llenos de insensatez. Viendo a un tipo subido a las grandes rocas del Camello con las olas rompiendo bien cerca. Con paraguas y, por supuesto, m\u00f3vil. Baja de ah\u00ed. Porque lloraremos de l\u00e1stima al saber que te engull\u00f3 el Cant\u00e1brico. Porque tendr\u00e1s, seguro, una bonita historia que har\u00e1 que a todos nos de pena. Porque habr\u00e1 una familia, un perro, un camarero que te serv\u00eda caf\u00e9&#8230; Porque olvidaremos los motivos al ver las consecuencias. Porque nadie pensar\u00e1 -y ni siquiera ser\u00e1 ya importante- que te pas\u00f3 por hacer el tonto. Por la foto.<\/p>\n<!-- AddThis Advanced Settings generic via filter on the_content --><!-- AddThis Share Buttons generic via filter on the_content -->","protected":false},"excerpt":{"rendered":"<p>Puede que sean los mismos que siguen hablando sin inmutarse mientras el cr\u00edo chilla, imita los taconeos de Farruco y los acompa\u00f1a con golpes, m\u00f3vil en mano, en el respaldo de las sillas de los clientes de dos mesas m\u00e1s all\u00e1. Con ese tel\u00e9fono que le compraron al chaval a los cinco a\u00f1os para que [&hellip;]<!-- AddThis Advanced Settings generic via filter on get_the_excerpt --><!-- AddThis Share Buttons generic via filter on get_the_excerpt --><\/p>\n","protected":false},"author":7,"featured_media":0,"comment_status":"open","ping_status":"open","sticky":false,"template":"","format":"standard","meta":[],"categories":[2],"tags":[88,163,208],"_links":{"self":[{"href":"https:\/\/blogs.eldiariomontanes.es\/elpaseante\/wp-json\/wp\/v2\/posts\/233"}],"collection":[{"href":"https:\/\/blogs.eldiariomontanes.es\/elpaseante\/wp-json\/wp\/v2\/posts"}],"about":[{"href":"https:\/\/blogs.eldiariomontanes.es\/elpaseante\/wp-json\/wp\/v2\/types\/post"}],"author":[{"embeddable":true,"href":"https:\/\/blogs.eldiariomontanes.es\/elpaseante\/wp-json\/wp\/v2\/users\/7"}],"replies":[{"embeddable":true,"href":"https:\/\/blogs.eldiariomontanes.es\/elpaseante\/wp-json\/wp\/v2\/comments?post=233"}],"version-history":[{"count":0,"href":"https:\/\/blogs.eldiariomontanes.es\/elpaseante\/wp-json\/wp\/v2\/posts\/233\/revisions"}],"wp:attachment":[{"href":"https:\/\/blogs.eldiariomontanes.es\/elpaseante\/wp-json\/wp\/v2\/media?parent=233"}],"wp:term":[{"taxonomy":"category","embeddable":true,"href":"https:\/\/blogs.eldiariomontanes.es\/elpaseante\/wp-json\/wp\/v2\/categories?post=233"},{"taxonomy":"post_tag","embeddable":true,"href":"https:\/\/blogs.eldiariomontanes.es\/elpaseante\/wp-json\/wp\/v2\/tags?post=233"}],"curies":[{"name":"wp","href":"https:\/\/api.w.org\/{rel}","templated":true}]}}