{"id":230,"date":"2016-01-18T13:14:19","date_gmt":"2016-01-18T12:14:19","guid":{"rendered":"http:\/\/blogs.eldiariomontanes.es\/elpaseante\/?p=230"},"modified":"2016-01-18T13:14:19","modified_gmt":"2016-01-18T12:14:19","slug":"lunes-de-lluvia-en-dia-libre","status":"publish","type":"post","link":"https:\/\/blogs.eldiariomontanes.es\/elpaseante\/2016\/01\/18\/lunes-de-lluvia-en-dia-libre\/","title":{"rendered":"Lunes de lluvia en d\u00eda libre"},"content":{"rendered":"<p>Santander tiene <strong>color de lluvia los lunes por la ma\u00f1ana<\/strong>. Si cae, en agua y lunes, se pone de ese gris propio con m\u00e1s fuerza que ning\u00fan otro d\u00eda. Es <strong>un gris que se te mete dentro<\/strong>. Que te moja desde abajo, empapa por el adoqu\u00edn y va ascendiendo. Que cala las entra\u00f1as y las conversaciones. Que se quiebra con el amarillo intenso de las hojas de la <span style=\"color: #000000;\"><span style=\"color: #ff0000;\"><a title=\"Un vistazo a esos \u00e1rboles\" href=\"http:\/\/lanubeviajera.blogspot.com.es\/2012\/11\/santander-en-otono.html\" target=\"_blank\" rel=\"external nofollow\"><span style=\"color: #ff0000;\">hilera de \u00e1rboles que hay en Calvo Sotelo<\/span><\/a><\/span>. Que moja la ropa de los tendales de los despistados de barrio y desespera a los que buscan aparcamiento.<\/span><\/p>\n<p>&nbsp;<\/p>\n<p>Es curioso. En una ciudad acostumbrada al chaparr\u00f3n no sabemos conducir ni llevar paraguas cuando llueve (lo primero lo he o\u00eddo decir mil veces y en lo segundo ya no voy a insistir). <strong>En casa, la piel del albornoz parece de mujer al salir de la ducha. Uno se recrea en eso y en la barra caliente de la cafeter\u00eda. M\u00e1s que un martes o un jueves<\/strong>. Se habla del empate del Racing, de si alcanzar\u00e1 para ser primeros. De las anchoas de S\u00e1nchez y la cantada de Casillas. De las \u00faltimas cadenas que llegaron al WhatsApp poniendo a parir al PP y a Podemos. De lo mal que est\u00e1 todo y lo sinverg\u00fcenzas que son. De la pena de un pa\u00eds que tiene a esos \u2018VIP\u2019\u2026 Se mira de reojo al que lee El Diario en un bar y siempre se piensa que tarda demasiado en dejarle libre. \u201c\u00bfQu\u00e9 tal el finde?\u201d, se preguntan al encontrarse y alguno se detiene a recordar con cierta melancol\u00eda cu\u00e1ndo pudo responder algo distinto.<\/p>\n<p>&nbsp;<\/p>\n<p>Hoy se habla de que <strong>muri\u00f3 Fernandito y de que Santander, en la modernidad, est\u00e1 perdiendo a esos personajes que son un poco de todos y un poco de nadie<\/strong>. Que ya casi no quedan. Se habla del <span style=\"color: #ff0000;\"><a title=\"Aqu\u00ed, la noticia\" href=\"http:\/\/www.eldiariomontanes.es\/santander\/201601\/17\/vuelca-porsche-cayenne-rotonda-20160117101702.html\" target=\"_blank\" rel=\"external nofollow\"><span style=\"color: #ff0000;\">Porsche Cayenne volcado en pleno Puertochico<\/span><\/a><\/span> a las tantas\u2026<\/p>\n<p>&nbsp;<\/p>\n<p>Y se habla de que llueve. <strong>Porque en Santander, acostumbrados al agua, somos muy de hablar de que llueve\u2026<\/strong><\/p>\n<p>&nbsp;<\/p>\n<p><a href=\"https:\/\/blogs.eldiariomontanes.es\/elpaseante\/2016\/01\/18\/lunes-de-lluvia-en-dia-libre\/lluvia\/\" rel=\"attachment wp-att-231\"><img loading=\"lazy\" class=\"aligncenter size-medium wp-image-231\" title=\"lluvia\" src=\"\/elpaseante\/wp-content\/uploads\/sites\/5\/2016\/01\/lluvia.jpg\" alt=\"\" width=\"300\" height=\"300\" srcset=\"https:\/\/static-blogs.eldiariomontanes.es\/wp-content\/uploads\/sites\/5\/2016\/01\/lluvia.jpg 1024w, https:\/\/static-blogs.eldiariomontanes.es\/wp-content\/uploads\/sites\/5\/2016\/01\/lluvia-150x150.jpg 150w, https:\/\/static-blogs.eldiariomontanes.es\/wp-content\/uploads\/sites\/5\/2016\/01\/lluvia-300x300.jpg 300w, https:\/\/static-blogs.eldiariomontanes.es\/wp-content\/uploads\/sites\/5\/2016\/01\/lluvia-768x768.jpg 768w\" sizes=\"(max-width: 300px) 100vw, 300px\" \/><\/a><\/p>\n<p>&nbsp;<\/p>\n<p>&nbsp;<\/p>\n<p>* Escrito desde un portal de la calle Lealtad\u2026<\/p>\n<p>&nbsp;<\/p>\n<p>&nbsp;<\/p>\n<!-- AddThis Advanced Settings generic via filter on the_content --><!-- AddThis Share Buttons generic via filter on the_content -->","protected":false},"excerpt":{"rendered":"<p>Santander tiene color de lluvia los lunes por la ma\u00f1ana. Si cae, en agua y lunes, se pone de ese gris propio con m\u00e1s fuerza que ning\u00fan otro d\u00eda. Es un gris que se te mete dentro. Que te moja desde abajo, empapa por el adoqu\u00edn y va ascendiendo. Que cala las entra\u00f1as y las [&hellip;]<!-- AddThis Advanced Settings generic via filter on get_the_excerpt --><!-- AddThis Share Buttons generic via filter on get_the_excerpt --><\/p>\n","protected":false},"author":7,"featured_media":0,"comment_status":"open","ping_status":"open","sticky":false,"template":"","format":"standard","meta":[],"categories":[2],"tags":[85,117,171,195],"_links":{"self":[{"href":"https:\/\/blogs.eldiariomontanes.es\/elpaseante\/wp-json\/wp\/v2\/posts\/230"}],"collection":[{"href":"https:\/\/blogs.eldiariomontanes.es\/elpaseante\/wp-json\/wp\/v2\/posts"}],"about":[{"href":"https:\/\/blogs.eldiariomontanes.es\/elpaseante\/wp-json\/wp\/v2\/types\/post"}],"author":[{"embeddable":true,"href":"https:\/\/blogs.eldiariomontanes.es\/elpaseante\/wp-json\/wp\/v2\/users\/7"}],"replies":[{"embeddable":true,"href":"https:\/\/blogs.eldiariomontanes.es\/elpaseante\/wp-json\/wp\/v2\/comments?post=230"}],"version-history":[{"count":0,"href":"https:\/\/blogs.eldiariomontanes.es\/elpaseante\/wp-json\/wp\/v2\/posts\/230\/revisions"}],"wp:attachment":[{"href":"https:\/\/blogs.eldiariomontanes.es\/elpaseante\/wp-json\/wp\/v2\/media?parent=230"}],"wp:term":[{"taxonomy":"category","embeddable":true,"href":"https:\/\/blogs.eldiariomontanes.es\/elpaseante\/wp-json\/wp\/v2\/categories?post=230"},{"taxonomy":"post_tag","embeddable":true,"href":"https:\/\/blogs.eldiariomontanes.es\/elpaseante\/wp-json\/wp\/v2\/tags?post=230"}],"curies":[{"name":"wp","href":"https:\/\/api.w.org\/{rel}","templated":true}]}}