{"id":20,"date":"2008-05-30T12:23:55","date_gmt":"2008-05-30T12:23:55","guid":{"rendered":"http:\/\/blogs.eldiariomontanes.es\/elpaseante\/?p=20"},"modified":"2008-05-30T12:23:55","modified_gmt":"2008-05-30T12:23:55","slug":"cafe-con-sonrisa-y-dos-sobres","status":"publish","type":"post","link":"https:\/\/blogs.eldiariomontanes.es\/elpaseante\/2008\/05\/30\/cafe-con-sonrisa-y-dos-sobres\/","title":{"rendered":"Caf\u00e9 con sonrisa y dos sobres"},"content":{"rendered":"\n<p class=\"MsoNormal\"><span lang=\"ES-TRAD\">Cuando la puerta de cristal se abre, la sonrisa que llega desde la barra atraviesa el local, se desliza entre las mesas y las bandejas cargadas de porcelana y olores e impacta en mi rostro. No resulta dif\u00edcil pedir el caf\u00e9 con dos azucarillos, el zumo de naranja, un ejemplar de El Diario y dejar una buena propina. La sonrisa no est\u00e1 en carta, pero es el mejor plato del men\u00fa. Por eso, donde la sirven, repito y repito.<\/span><\/p>\n<p class=\"MsoNormal\"><span lang=\"ES-TRAD\">Cafeter\u00edas, comercios, tiendas del centro de Santander\u2026 Para m\u00ed, la diferencia radica en el detalle de hacerme sentir persona y de recibir un trato humano. Y no siempre ocurre. \u00daltimamente me he aficionado al desayuno de barra de caf\u00e9. Me levanto diez minutos antes, una ducha r\u00e1pida con m\u00fasica de fondo, leo un par de p\u00e1ginas del \u00faltimo libro que me recomendaron (buen\u00edsimo, por cierto) y bajo a\u00fan con el pelo mojado a una cafeter\u00eda cercana. Despu\u00e9s de probar mucho, manejo s\u00f3lo dos<span style=\"\">  <\/span>opciones. En una, una chica que casi parece bailar tras el mostrador consigue que me marche a trabajar pensando que voy a tener un gran d\u00eda. La otra, un profesional de los de toda la vida que me saluda hasta cuando me ve pasar por delante de su escaparate sin entrar a consumir.<\/span><\/p>\n<p class=\"MsoNormal\"><span lang=\"ES-TRAD\">Y all\u00ed, por un extra\u00f1o motivo, el caf\u00e9 me sabe mejor y no me siento inc\u00f3modo aunque est\u00e9 s\u00f3lo. No tengo tanta prisa en marcharme y hasta el peri\u00f3dico parece tener mejores noticias. Nunca he mirado la cuenta porque la sensaci\u00f3n de salir de un lugar m\u00e1s feliz de lo que entraste no tiene precio. Pago y me despido con la misma simpat\u00eda que recibo.<\/span><\/p>\n<p class=\"MsoNormal\"><span lang=\"ES-TRAD\">Y me acuerdo de esos lugares en los que para comprar hay que pedir por favor que te atiendan, del camarero que no da los buenos d\u00edas, de aquel hostelero m\u00e1s avinagrado que los pepinillos que amontona en la barra\u2026 La mayor\u00eda tuvo que cerrar el negocio. \u00bfPor qu\u00e9 ser\u00e1?<\/span><\/p>\n<p>  <span style=\"font-size: 12pt; font-family: Times;\" lang=\"ES-TRAD\">PD. Las cafeter\u00edas donde desayuno est\u00e1n por Cuatro Caminos. Les invito a buscar las sonrisas. <\/span><\/p>\n<!-- AddThis Advanced Settings generic via filter on the_content --><!-- AddThis Share Buttons generic via filter on the_content -->","protected":false},"excerpt":{"rendered":"<p>Cuando la puerta de cristal se abre, la sonrisa que llega desde la barra atraviesa el local, se desliza entre las mesas y las bandejas cargadas de porcelana y olores e impacta en mi rostro. No resulta dif\u00edcil pedir el caf\u00e9 con dos azucarillos, el zumo de naranja, un ejemplar de El Diario y dejar [&hellip;]<!-- AddThis Advanced Settings generic via filter on get_the_excerpt --><!-- AddThis Share Buttons generic via filter on get_the_excerpt --><\/p>\n","protected":false},"author":7,"featured_media":0,"comment_status":"open","ping_status":"closed","sticky":false,"template":"","format":"standard","meta":[],"categories":[2],"tags":[],"_links":{"self":[{"href":"https:\/\/blogs.eldiariomontanes.es\/elpaseante\/wp-json\/wp\/v2\/posts\/20"}],"collection":[{"href":"https:\/\/blogs.eldiariomontanes.es\/elpaseante\/wp-json\/wp\/v2\/posts"}],"about":[{"href":"https:\/\/blogs.eldiariomontanes.es\/elpaseante\/wp-json\/wp\/v2\/types\/post"}],"author":[{"embeddable":true,"href":"https:\/\/blogs.eldiariomontanes.es\/elpaseante\/wp-json\/wp\/v2\/users\/7"}],"replies":[{"embeddable":true,"href":"https:\/\/blogs.eldiariomontanes.es\/elpaseante\/wp-json\/wp\/v2\/comments?post=20"}],"version-history":[{"count":0,"href":"https:\/\/blogs.eldiariomontanes.es\/elpaseante\/wp-json\/wp\/v2\/posts\/20\/revisions"}],"wp:attachment":[{"href":"https:\/\/blogs.eldiariomontanes.es\/elpaseante\/wp-json\/wp\/v2\/media?parent=20"}],"wp:term":[{"taxonomy":"category","embeddable":true,"href":"https:\/\/blogs.eldiariomontanes.es\/elpaseante\/wp-json\/wp\/v2\/categories?post=20"},{"taxonomy":"post_tag","embeddable":true,"href":"https:\/\/blogs.eldiariomontanes.es\/elpaseante\/wp-json\/wp\/v2\/tags?post=20"}],"curies":[{"name":"wp","href":"https:\/\/api.w.org\/{rel}","templated":true}]}}