{"id":16,"date":"2008-04-23T13:32:08","date_gmt":"2008-04-23T13:32:08","guid":{"rendered":"http:\/\/blogs.eldiariomontanes.es\/elpaseante\/?p=16"},"modified":"2008-04-23T13:32:08","modified_gmt":"2008-04-23T13:32:08","slug":"la-nostalgia-presente","status":"publish","type":"post","link":"https:\/\/blogs.eldiariomontanes.es\/elpaseante\/2008\/04\/23\/la-nostalgia-presente\/","title":{"rendered":"La nostalgia en presente"},"content":{"rendered":"<p>Cr\u00f3nica del doble concierto de Los Secretos en Santander.<\/p>\n<p>En las noches secretas las edades se diluyeron entre las olas del Cant\u00e1brico y las letras que no entienden de modas. El mar todo lo iguala. Los de cuarenta gritaban con la misma fuerza que los de veinte. Unos se compraban vinilos y llevaban cazadoras vaqueras y otros escuchan un MP3 con los pelos re\u00f1idos con el peine. Pero la m\u00fasica es la misma. Los Secretos pusieron la banda sonora de la vida a una doble cita en el BNS incluida dentro del ciclo &#8220;A solas con&#8230;&#8221;. Un \u00e9xito para la memoria. Recuerdos en presente.<br \/>\nFueron dos noches con mucho que escuchar: la primera, la del jueves, con una notable entrada y la segunda, al d\u00eda siguiente, con un lleno absoluto. Una pel\u00edcula de treinta a\u00f1os en dos episodios y con la direcci\u00f3n tambi\u00e9n distribuida a doble mando. Bajo el Urquijo como techo, \u00c1lvaro ejerce de capataz de obra en la tierra lo que el ingeniero Enrique a\u00fan dise\u00f1a desde Desde el pante\u00f3n de las voces y guitarras. Y el resto de Secretos. Siempre iguales y siempre diferentes. Siempre renaciendo. Siempre cumpliendo. Siempre bien. Siempre.<br \/>\nComo el vino<br \/>\nPorque desde hace treinta a\u00f1os no han dejado de estar. Hay menos glamour, m\u00e1s barriga y menos pelo. \u00bfA qui\u00e9n no le pasa? Pero su m\u00fasica, y no es efecto de la nostalgia, suena a\u00fan mejor. No es triste, como dicen algunos. Los que fueron al concierto salieron con un chute optimista. Aunque nadie mir\u00f3 a la tristeza como Enrique. Y \u00c1lvaro lo hace cada d\u00eda mejor<br \/>\nEn Espa\u00f1a los m\u00fasicos no llegan al asilo con la guitarra y el cuaderno de letras repleto de apuntes. Es una pena. Pocos dejan herencia. Los nietos de Los Secretos tienen garantizado el testamento de las canciones.<\/p>\n<p>A continuaci\u00f3n, a\u00f1ado otro texto que publiqu\u00e9 en el Suplemento De Marcha en torno a Los Secretos:<\/p>\n<p>Pero a tu lado&#8230;<\/p>\n<p><strong>He muerto y he resucitado<\/strong> tantas veces  He tratado de escribir la letra definitiva y encontrar la palabra justa <strong>sobre un vidrio mojado<\/strong>. Por eso, como todos, he resbalado muchas veces. Me qued\u00e9 <strong>colgado<\/strong> cuando m\u00e1s empe\u00f1o puse en hacer las cosas bien, con la \u00fanica compa\u00f1\u00eda de mi <strong>amiga mala suerte. <\/strong>En esos d\u00edas,<strong> <\/strong>en los que las paredes te gritan <strong>&#8220;Qu\u00e9 s\u00f3lo est\u00e1s&#8221;<\/strong>  En esas noches en las que <strong>no amanece<\/strong> y el alcohol te arrastra a <strong>la calle del olvido&#8230; <\/strong>Cuando la barra de bar te invita a <strong>beber hasta perder el control<\/strong> porque alguna <strong>buena chica<\/strong> te dijo <strong>&#8220;d\u00e9jame&#8221;<\/strong>. Entonces, <strong>cada d\u00eda<\/strong>, encontraba un motivo para <strong>volver a ser un ni\u00f1o<\/strong> y pensar que los <strong>problemas<\/strong> son s\u00f3lo pasajeros. Porque la rutina tiene <strong>dos caras distintas<\/strong>, dos miradas disfrazadas con distintos ojos: <strong>ojos de gata <\/strong>y<strong> ojos de perdida<\/strong>. Una eterna lucha.<br \/>\nY ellos no fallaron. Como si su m\u00fasica se construyera <strong>s\u00f3lo para m\u00ed<\/strong> para gritarme que <strong>est\u00e1 prohibido llorar. <\/strong>Por eso hoy firmo un <strong>cambio de planes <\/strong>y descubro en el tr\u00e1nsito diario de alegr\u00edas, penas, palabras, \u00e9xitos y fracasos que <strong>todo sigue igual<\/strong>. A ellos, a <strong>Los Secretos,<\/strong> les doy las <strong>gracias por elegirme<\/strong>, les reconozco que cumplieron su eterna promesa de vernos <strong>en abril<\/strong>, justo <strong>cuando el invierno empieza a dormir<\/strong>, y les confieso que, en mi tel\u00e9fono, espero leer esta misma tarde una frase muy especial: <strong>Te he echado de menos<\/strong>.<\/p>\n<!-- AddThis Advanced Settings generic via filter on the_content --><!-- AddThis Share Buttons generic via filter on the_content -->","protected":false},"excerpt":{"rendered":"<p>Cr\u00f3nica del doble concierto de Los Secretos en Santander. En las noches secretas las edades se diluyeron entre las olas del Cant\u00e1brico y las letras que no entienden de modas. El mar todo lo iguala. Los de cuarenta gritaban con la misma fuerza que los de veinte. Unos se compraban vinilos y llevaban cazadoras vaqueras [&hellip;]<!-- AddThis Advanced Settings generic via filter on get_the_excerpt --><!-- AddThis Share Buttons generic via filter on get_the_excerpt --><\/p>\n","protected":false},"author":7,"featured_media":0,"comment_status":"open","ping_status":"closed","sticky":false,"template":"","format":"standard","meta":[],"categories":[2],"tags":[],"_links":{"self":[{"href":"https:\/\/blogs.eldiariomontanes.es\/elpaseante\/wp-json\/wp\/v2\/posts\/16"}],"collection":[{"href":"https:\/\/blogs.eldiariomontanes.es\/elpaseante\/wp-json\/wp\/v2\/posts"}],"about":[{"href":"https:\/\/blogs.eldiariomontanes.es\/elpaseante\/wp-json\/wp\/v2\/types\/post"}],"author":[{"embeddable":true,"href":"https:\/\/blogs.eldiariomontanes.es\/elpaseante\/wp-json\/wp\/v2\/users\/7"}],"replies":[{"embeddable":true,"href":"https:\/\/blogs.eldiariomontanes.es\/elpaseante\/wp-json\/wp\/v2\/comments?post=16"}],"version-history":[{"count":0,"href":"https:\/\/blogs.eldiariomontanes.es\/elpaseante\/wp-json\/wp\/v2\/posts\/16\/revisions"}],"wp:attachment":[{"href":"https:\/\/blogs.eldiariomontanes.es\/elpaseante\/wp-json\/wp\/v2\/media?parent=16"}],"wp:term":[{"taxonomy":"category","embeddable":true,"href":"https:\/\/blogs.eldiariomontanes.es\/elpaseante\/wp-json\/wp\/v2\/categories?post=16"},{"taxonomy":"post_tag","embeddable":true,"href":"https:\/\/blogs.eldiariomontanes.es\/elpaseante\/wp-json\/wp\/v2\/tags?post=16"}],"curies":[{"name":"wp","href":"https:\/\/api.w.org\/{rel}","templated":true}]}}